{"id":227381,"date":"2025-08-21T14:00:37","date_gmt":"2025-08-21T21:00:37","guid":{"rendered":"https:\/\/rnoticias.com.mx\/Portal\/?p=227381"},"modified":"2025-08-21T14:00:37","modified_gmt":"2025-08-21T21:00:37","slug":"gobierno-de-sonora-informa-que-se-esperan-mas-lluvias-para-este-fin-de-semana-e-inicio-de-la-siguiente","status":"publish","type":"post","link":"https:\/\/rnoticias.com.mx\/Portal\/2025\/08\/21\/gobierno-de-sonora-informa-que-se-esperan-mas-lluvias-para-este-fin-de-semana-e-inicio-de-la-siguiente\/","title":{"rendered":"Gobierno de Sonora informa que se esperan m\u00e1s lluvias para este fin de semana e inicio de la siguiente"},"content":{"rendered":"<p>Hermosillo, Sonora; 21 de agosto de 2025.- El Gobierno de Sonora a trav\u00e9s de la Coordinaci\u00f3n Estatal de Protecci\u00f3n Civil (CEPC), informa que durante este fin de semana y el arranque de la pr\u00f3xima semana se prev\u00e9 la continuidad de los efectos del monz\u00f3n mexicano, generando tormentas en gran parte del territorio estatal.<\/p>\n<p>Durante hoy y los pr\u00f3ximos d\u00edas, la combinaci\u00f3n del monz\u00f3n mexicano con la inestabilidad atmosf\u00e9rica ocasionar\u00e1 tormentas el\u00e9ctricas con lluvias fuertes a muy fuertes, con acumulados de entre 25 y 75 mil\u00edmetros en la mayor parte del estado.<\/p>\n<p>Tambi\u00e9n se anticipan rachas de viento de m\u00e1s de 60 km\/h, principalmente durante las tardes.<\/p>\n<p>Armando Casta\u00f1eda S\u00e1nchez, coordinador estatal de Protecci\u00f3n Civil, llam\u00f3 a la poblaci\u00f3n a mantener medidas preventivas ante la presencia de estas tormentas durante este fin de semana y el inicio de la pr\u00f3xima semana.<\/p>\n<p>Recomendaciones ante lluvias y tormentas:<\/p>\n<p>\u2022 Resguardarse en un lugar seguro durante la presencia de tormentas.<\/p>\n<p>\u2022 Evitar cruzar r\u00edos, arroyos o zonas con encharcamientos.<\/p>\n<p>\u2022 Revisar las condiciones de los desag\u00fces en el hogar.<\/p>\n<p>\u2022 No tirar basura en las calles, ya que puede generar inundaciones al tapar alcantarillas y arroyos.<\/p>\n<p>Asimismo, en los pr\u00f3ximos d\u00edas se prev\u00e9 un ambiente de caluroso a muy caluroso, con temperaturas m\u00e1ximas de entre 40 y 42\u00b0C en el noroeste y centro de la entidad, con sensaciones t\u00e9rmicas incluso superiores.<\/p>\n<p>Recomendaciones ante altas temperaturas:<\/p>\n<p>\u2022 Usar gorra o sombrero.<\/p>\n<p>\u2022 Aplicar bloqueador solar.<\/p>\n<p>\u2022 Evitar la exposici\u00f3n prolongada al sol.<\/p>\n<p>\u2022 Mantenerse bien hidratados durante todo el d\u00eda, tomando agua y evitando bebidas azucaradas.<\/p>\n","protected":false},"excerpt":{"rendered":"<p>Hermosillo, Sonora; 21 de agosto de 2025.- El Gobierno de Sonora a trav\u00e9s de la Coordinaci\u00f3n Estatal de Protecci\u00f3n Civil (CEPC), informa que durante este fin de semana y el arranque de la pr\u00f3xima semana se prev\u00e9 la continuidad de los efectos del monz\u00f3n mexicano, generando tormentas en gran parte del territorio estatal. Durante hoy [&hellip;]<\/p>\n","protected":false},"author":2,"featured_media":227382,"comment_status":"closed","ping_status":"closed","sticky":false,"template":"","format":"standard","meta":{"footnotes":""},"categories":[12870,178],"tags":[12865,12869],"class_list":["post-227381","post","type-post","status-publish","format-standard","has-post-thumbnail","hentry","category-destacadas","category-local","tag-destacadas","tag-local"],"jetpack_featured_media_url":"https:\/\/rnoticias.com.mx\/Portal\/wp-content\/uploads\/2025\/08\/unnamed-71.jpg","amp_enabled":true,"_links":{"self":[{"href":"https:\/\/rnoticias.com.mx\/Portal\/wp-json\/wp\/v2\/posts\/227381","targetHints":{"allow":["GET"]}}],"collection":[{"href":"https:\/\/rnoticias.com.mx\/Portal\/wp-json\/wp\/v2\/posts"}],"about":[{"href":"https:\/\/rnoticias.com.mx\/Portal\/wp-json\/wp\/v2\/types\/post"}],"author":[{"embeddable":true,"href":"https:\/\/rnoticias.com.mx\/Portal\/wp-json\/wp\/v2\/users\/2"}],"replies":[{"embeddable":true,"href":"https:\/\/rnoticias.com.mx\/Portal\/wp-json\/wp\/v2\/comments?post=227381"}],"version-history":[{"count":1,"href":"https:\/\/rnoticias.com.mx\/Portal\/wp-json\/wp\/v2\/posts\/227381\/revisions"}],"predecessor-version":[{"id":227383,"href":"https:\/\/rnoticias.com.mx\/Portal\/wp-json\/wp\/v2\/posts\/227381\/revisions\/227383"}],"wp:featuredmedia":[{"embeddable":true,"href":"https:\/\/rnoticias.com.mx\/Portal\/wp-json\/wp\/v2\/media\/227382"}],"wp:attachment":[{"href":"https:\/\/rnoticias.com.mx\/Portal\/wp-json\/wp\/v2\/media?parent=227381"}],"wp:term":[{"taxonomy":"category","embeddable":true,"href":"https:\/\/rnoticias.com.mx\/Portal\/wp-json\/wp\/v2\/categories?post=227381"},{"taxonomy":"post_tag","embeddable":true,"href":"https:\/\/rnoticias.com.mx\/Portal\/wp-json\/wp\/v2\/tags?post=227381"}],"curies":[{"name":"wp","href":"https:\/\/api.w.org\/{rel}","templated":true}]}}