{"id":227369,"date":"2025-08-21T09:13:20","date_gmt":"2025-08-21T16:13:20","guid":{"rendered":"https:\/\/rnoticias.com.mx\/Portal\/?p=227369"},"modified":"2025-08-21T09:13:20","modified_gmt":"2025-08-21T16:13:20","slug":"gobierno-de-sonora-capacita-a-estudiantes-del-programa-de-movilidad-a-taiwan-en-automatizacion","status":"publish","type":"post","link":"https:\/\/rnoticias.com.mx\/Portal\/2025\/08\/21\/gobierno-de-sonora-capacita-a-estudiantes-del-programa-de-movilidad-a-taiwan-en-automatizacion\/","title":{"rendered":"Gobierno de Sonora capacita a estudiantes del Programa de Movilidad a Taiw\u00e1n en automatizaci\u00f3n"},"content":{"rendered":"<p>Hermosillo, Sonora; 21 de agosto de 2025.\u2013 Gracias al apoyo y liderazgo del gobernador Alfonso Durazo Monta\u00f1o, se llev\u00f3 a cabo una capacitaci\u00f3n especializada en automatizaci\u00f3n para los 30 estudiantes seleccionados del Programa de Movilidad a Taiw\u00e1n, gestionado a trav\u00e9s del Consejo para el Desarrollo Sostenible del Estado de Sonora (Codeso).<\/p>\n<p>Con este entrenamiento, impartido por el Centro Tecnol\u00f3gico de Hermosillo, las y los j\u00f3venes se preparan acad\u00e9micamente para enfrentar los retos de la automatizaci\u00f3n y la tecnolog\u00eda avanzada, adem\u00e1s de abrir puertas a la atracci\u00f3n de inversiones y consolidar a Sonora como un referente en innovaci\u00f3n y energ\u00edas limpias.<\/p>\n<p>Esta formaci\u00f3n internacional forma parte, adem\u00e1s, de la estrategia para fortalecer el Plan Sonora de Energ\u00edas Sostenibles, al dotar a las y los participantes de conocimientos de vanguardia que contribuyen al desarrollo tecnol\u00f3gico y energ\u00e9tico de la entidad.<\/p>\n<p>Los estudiantes forman parte de la segunda generaci\u00f3n de ingenieros sonorenses que viajar\u00e1n a Taiw\u00e1n para recibir capacitaci\u00f3n especializada durante 10 meses en la Southern Taiwan University of Science and Technology (STUST), gracias a una beca otorgada por el Gobierno de Sonora.<\/p>\n","protected":false},"excerpt":{"rendered":"<p>Hermosillo, Sonora; 21 de agosto de 2025.\u2013 Gracias al apoyo y liderazgo del gobernador Alfonso Durazo Monta\u00f1o, se llev\u00f3 a cabo una capacitaci\u00f3n especializada en automatizaci\u00f3n para los 30 estudiantes seleccionados del Programa de Movilidad a Taiw\u00e1n, gestionado a trav\u00e9s del Consejo para el Desarrollo Sostenible del Estado de Sonora (Codeso). Con este entrenamiento, impartido [&hellip;]<\/p>\n","protected":false},"author":2,"featured_media":227370,"comment_status":"closed","ping_status":"closed","sticky":false,"template":"","format":"standard","meta":{"footnotes":""},"categories":[12870,178],"tags":[12865,12869],"class_list":["post-227369","post","type-post","status-publish","format-standard","has-post-thumbnail","hentry","category-destacadas","category-local","tag-destacadas","tag-local"],"jetpack_featured_media_url":"https:\/\/rnoticias.com.mx\/Portal\/wp-content\/uploads\/2025\/08\/unnamed-70.jpg","amp_enabled":true,"_links":{"self":[{"href":"https:\/\/rnoticias.com.mx\/Portal\/wp-json\/wp\/v2\/posts\/227369","targetHints":{"allow":["GET"]}}],"collection":[{"href":"https:\/\/rnoticias.com.mx\/Portal\/wp-json\/wp\/v2\/posts"}],"about":[{"href":"https:\/\/rnoticias.com.mx\/Portal\/wp-json\/wp\/v2\/types\/post"}],"author":[{"embeddable":true,"href":"https:\/\/rnoticias.com.mx\/Portal\/wp-json\/wp\/v2\/users\/2"}],"replies":[{"embeddable":true,"href":"https:\/\/rnoticias.com.mx\/Portal\/wp-json\/wp\/v2\/comments?post=227369"}],"version-history":[{"count":1,"href":"https:\/\/rnoticias.com.mx\/Portal\/wp-json\/wp\/v2\/posts\/227369\/revisions"}],"predecessor-version":[{"id":227371,"href":"https:\/\/rnoticias.com.mx\/Portal\/wp-json\/wp\/v2\/posts\/227369\/revisions\/227371"}],"wp:featuredmedia":[{"embeddable":true,"href":"https:\/\/rnoticias.com.mx\/Portal\/wp-json\/wp\/v2\/media\/227370"}],"wp:attachment":[{"href":"https:\/\/rnoticias.com.mx\/Portal\/wp-json\/wp\/v2\/media?parent=227369"}],"wp:term":[{"taxonomy":"category","embeddable":true,"href":"https:\/\/rnoticias.com.mx\/Portal\/wp-json\/wp\/v2\/categories?post=227369"},{"taxonomy":"post_tag","embeddable":true,"href":"https:\/\/rnoticias.com.mx\/Portal\/wp-json\/wp\/v2\/tags?post=227369"}],"curies":[{"name":"wp","href":"https:\/\/api.w.org\/{rel}","templated":true}]}}