{"id":227363,"date":"2025-08-21T09:08:58","date_gmt":"2025-08-21T16:08:58","guid":{"rendered":"https:\/\/rnoticias.com.mx\/Portal\/?p=227363"},"modified":"2025-08-21T09:08:58","modified_gmt":"2025-08-21T16:08:58","slug":"gobierno-de-sonora-celebra-40-aniversario-del-museo-de-los-yaquis-en-cocorit-isc","status":"publish","type":"post","link":"https:\/\/rnoticias.com.mx\/Portal\/2025\/08\/21\/gobierno-de-sonora-celebra-40-aniversario-del-museo-de-los-yaquis-en-cocorit-isc\/","title":{"rendered":"Gobierno de Sonora celebra 40 Aniversario del Museo de los Yaquis en C\u00f3corit: ISC"},"content":{"rendered":"<p>C\u00f3corit, Sonora; 21 de agosto de 2025.- El Gobierno de Sonora, a trav\u00e9s de la Secretar\u00eda de Educaci\u00f3n y Cultura y el Instituto Sonorense de Cultura (ISC), celebr\u00f3 los 40 a\u00f1os del Museo de los Yaquis con un programa cultural que incluy\u00f3 exposiciones, conversatorios, gastronom\u00eda y danzas tradicionales, consolidando al museo como un espacio fundamental para la preservaci\u00f3n y difusi\u00f3n de la memoria, la historia y la cultura de la tribu yaqui.<\/p>\n<p>La conmemoraci\u00f3n inici\u00f3 con la inauguraci\u00f3n de la exposici\u00f3n fotogr\u00e1fica 1985\u20132025, que recorre la evoluci\u00f3n del recinto desde su creaci\u00f3n en la Biblioteca P\u00fablica Jes\u00fas Corral Ruiz de Ciudad Obreg\u00f3n hasta su establecimiento en C\u00f3corit, hace 17 a\u00f1os.<\/p>\n<p>En el conversatorio \u201cEl impacto del museo en la comunidad\u201d participaron la licenciada Juana de Dios Jiocamea Valenzuela; On\u00e9simo Buitimea, director de la radiodifusora La Voz del R\u00edo Yaqui; y la doctora Zyanya L\u00f3pez Ar\u00e1mburo, quienes destacaron la importancia del museo en la preservaci\u00f3n de la lengua, la tradici\u00f3n y la identidad de la tribu yaqui.<\/p>\n<p>La celebraci\u00f3n concluy\u00f3 con una fiesta cultural en la que se disfrut\u00f3 de muestras artesanales y gastron\u00f3micas, as\u00ed como la presentaci\u00f3n del Grupo de Danza Folcl\u00f3rica R\u00edo Yaqui, del pueblo de P\u00f3tam, y del Grupo de Danza Tradicional de la Universidad del Pueblo Yaqui, quienes ofrecieron al p\u00fablico la danza del venado y los pascolas, s\u00edmbolos vivos de la tradici\u00f3n yaqui.<\/p>\n<p>En el acto de clausura se cont\u00f3 con la distinguida presencia del gobernador del pueblo de Belem, Alonso Abraham \u00c1lvarez Valencia, acompa\u00f1ado por su gabinete conformado por Eleuterio Molina Lenes, R\u00f3mulo Molina Lenes, Juan de Dios Gonz\u00e1lez Zamora y Francisco Nocamea Hern\u00e1ndez, as\u00ed como Rosa Alicia Sortill\u00f3n Moreno, comisaria del pueblo de C\u00f3corit.<\/p>\n<p>El Gobierno de Sonora refrenda su compromiso con la comunidad yaqui y con la promoci\u00f3n de espacios que fortalezcan el orgullo, la identidad y la memoria cultural de Sonora.<\/p>\n","protected":false},"excerpt":{"rendered":"<p>C\u00f3corit, Sonora; 21 de agosto de 2025.- El Gobierno de Sonora, a trav\u00e9s de la Secretar\u00eda de Educaci\u00f3n y Cultura y el Instituto Sonorense de Cultura (ISC), celebr\u00f3 los 40 a\u00f1os del Museo de los Yaquis con un programa cultural que incluy\u00f3 exposiciones, conversatorios, gastronom\u00eda y danzas tradicionales, consolidando al museo como un espacio fundamental [&hellip;]<\/p>\n","protected":false},"author":2,"featured_media":227364,"comment_status":"closed","ping_status":"closed","sticky":false,"template":"","format":"standard","meta":{"footnotes":""},"categories":[12870,174],"tags":[12865,12873],"class_list":["post-227363","post","type-post","status-publish","format-standard","has-post-thumbnail","hentry","category-destacadas","category-estatal","tag-destacadas","tag-estatal"],"jetpack_featured_media_url":"https:\/\/rnoticias.com.mx\/Portal\/wp-content\/uploads\/2025\/08\/unnamed-3-8.jpg","amp_enabled":true,"_links":{"self":[{"href":"https:\/\/rnoticias.com.mx\/Portal\/wp-json\/wp\/v2\/posts\/227363","targetHints":{"allow":["GET"]}}],"collection":[{"href":"https:\/\/rnoticias.com.mx\/Portal\/wp-json\/wp\/v2\/posts"}],"about":[{"href":"https:\/\/rnoticias.com.mx\/Portal\/wp-json\/wp\/v2\/types\/post"}],"author":[{"embeddable":true,"href":"https:\/\/rnoticias.com.mx\/Portal\/wp-json\/wp\/v2\/users\/2"}],"replies":[{"embeddable":true,"href":"https:\/\/rnoticias.com.mx\/Portal\/wp-json\/wp\/v2\/comments?post=227363"}],"version-history":[{"count":1,"href":"https:\/\/rnoticias.com.mx\/Portal\/wp-json\/wp\/v2\/posts\/227363\/revisions"}],"predecessor-version":[{"id":227365,"href":"https:\/\/rnoticias.com.mx\/Portal\/wp-json\/wp\/v2\/posts\/227363\/revisions\/227365"}],"wp:featuredmedia":[{"embeddable":true,"href":"https:\/\/rnoticias.com.mx\/Portal\/wp-json\/wp\/v2\/media\/227364"}],"wp:attachment":[{"href":"https:\/\/rnoticias.com.mx\/Portal\/wp-json\/wp\/v2\/media?parent=227363"}],"wp:term":[{"taxonomy":"category","embeddable":true,"href":"https:\/\/rnoticias.com.mx\/Portal\/wp-json\/wp\/v2\/categories?post=227363"},{"taxonomy":"post_tag","embeddable":true,"href":"https:\/\/rnoticias.com.mx\/Portal\/wp-json\/wp\/v2\/tags?post=227363"}],"curies":[{"name":"wp","href":"https:\/\/api.w.org\/{rel}","templated":true}]}}