{"id":227360,"date":"2025-08-21T09:07:47","date_gmt":"2025-08-21T16:07:47","guid":{"rendered":"https:\/\/rnoticias.com.mx\/Portal\/?p=227360"},"modified":"2025-08-21T09:07:47","modified_gmt":"2025-08-21T16:07:47","slug":"mas-de-100-detenidos-tras-disturbios-en-partido-de-la-copa-sudamericana","status":"publish","type":"post","link":"https:\/\/rnoticias.com.mx\/Portal\/2025\/08\/21\/mas-de-100-detenidos-tras-disturbios-en-partido-de-la-copa-sudamericana\/","title":{"rendered":"M\u00e1s de 100 detenidos tras disturbios en partido de la Copa Sudamericana"},"content":{"rendered":"<p class=\"nota-justify\"><i>Buenos Aires.<\/i>\u00a0M\u00e1s de un centenar de personas permanecen bajo arresto este jueves en Argentina debido a los graves enfrentamientos ocurridos la noche del mi\u00e9rcoles en el partido entre Independiente de Avellaneda y Universidad de Chile por octavos de final de la Copa Sudamericana, reportaron autoridades.<\/p>\n<p class=\"nota-justify\">Una veintena de personas resultaron heridas, algunos de arma blanca, seg\u00fan testigos, sin que de momento las autoridades argentinas hayan brindado informaci\u00f3n oficial sobre el estado de salud de los que debieron ser hospitalizados.<\/p>\n<p class=\"nota-justify\">Ante la &#8220;gravedad de lo sucedido&#8221;, que incluy\u00f3 el &#8220;inaceptable linchamiento de chilenos&#8221;, el presidente de Chile, Gabriel Boric, anunci\u00f3 este jueves que enviar\u00e1 a Argentina a su ministro de Interior, \u00c1lvaro Elizalde, para acompa\u00f1ar a los heridos y supervisar la situaci\u00f3n de los detenidos.<\/p>\n<p class=\"nota-justify\">&#8220;La violencia no tiene ninguna justificaci\u00f3n, de ning\u00fan lado, y vamos a proteger los derechos de nuestros ciudadanos sin perjuicio de las responsabilidades que pueda establecer la justicia&#8221;, escribi\u00f3 en la red social X.<\/p>\n<p class=\"nota-justify\">Aficionados de ambos equipos se enfrentaron en las gradas del Estadio Libertadores de Am\u00e9rica, hogar de los Diablos Rojos en el sur de Buenos Aires, con golpes de palos y pu\u00f1os en una feroz pelea de la que incluso un hincha -aparentemente chileno- busc\u00f3 escapar arroj\u00e1ndose al vac\u00edo desde la bandeja superior tras ser acorralado por otros fan\u00e1ticos.<\/p>\n<p class=\"nota-justify\">&#8220;Las personas que est\u00e1n en el hospital son cinco y de ellos hay una persona que est\u00e1 grave&#8221; por heridas de arma blanca, dijo la madrugada de este jueves el embajador de Chile en Argentina, Jos\u00e9 Antonio Viera-Gallo, a la chilena\u00a0<i>ADN Radio<\/i>.<\/p>\n<p class=\"nota-justify\">Seg\u00fan el embajador, la persona que salt\u00f3 al vac\u00edo est\u00e1 fuera de peligro ya que un techo amortigu\u00f3 su ca\u00edda.<\/p>\n<p class=\"nota-justify\"><strong>&#8220;Violencia inusitada&#8221;<\/strong><\/p>\n<p class=\"nota-justify\">El caos, que provoc\u00f3 la cancelaci\u00f3n del partido, inici\u00f3 cuando seguidores de la U arrojaron proyectiles, como palos, botellas y butacas, desde las tribunas superiores a la parte inferior adonde fue ubicada la parcialidad de Independiente, constat\u00f3 un periodista de la\u00a0<i>Afp<\/i>\u00a0presente en el lugar.<\/p>\n<p class=\"nota-justify\">&#8220;Sacaban los artefactos del ba\u00f1o y los arrojaban a la tribuna, una violencia inusitada. Las prevenciones que se hab\u00edan tomado eran las l\u00f3gicas. Ac\u00e1 estuvo claro el comienzo del problema con un solo p\u00fablico&#8221;, dijo N\u00e9stor Grindetti, presidente del Rey de Copas argentino.<\/p>\n<p class=\"nota-justify\">Una fuente de Independiente dijo a la\u00a0<i>Afp,<\/i>\u00a0bajo reserva de identidad, que el total de arrestados asciende &#8220;a 125&#8221;.<\/p>\n<p class=\"nota-justify\">El subsecretario del Interior de Chile, V\u00edctor Ramos, inform\u00f3 de 19 chilenos heridos y 107 detenidos. Seg\u00fan el embajador, entre ellos hay tres mujeres y cinco menores.<\/p>\n<p class=\"nota-justify\">&#8220;Se hizo una inspecci\u00f3n visual del lugar donde acontecieron los hechos y se solicitaron los informes a los organismos de seguridad correspondientes, as\u00ed como tambi\u00e9n las c\u00e1maras de seguridad del estadio&#8221;, sostuvo la fuente argentina.<\/p>\n<p class=\"nota-justify\">La investigaci\u00f3n por los hechos violentos est\u00e1 a cargo de investigadores de la Unidad Fiscal 4 de Buenos Aires.<\/p>\n<p class=\"nota-justify\">&#8220;La liberaci\u00f3n o imputaci\u00f3n de cargos depende del ministerio P\u00fablico Fiscal y de los hechos que se les imputen a cada uno de ellos&#8221;, dijo este jueves a las puertas de la fiscal\u00eda Ariel Alarc\u00f3n, de la polic\u00eda de investigaci\u00f3n de Chile.<\/p>\n<p class=\"nota-justify\">&#8220;El compromiso jur\u00eddico va a ser determinado por las autoridades jur\u00eddicas de Argentina. Pueden ser liberados o procesados en el transcurso del d\u00eda o ma\u00f1ana&#8221;, agreg\u00f3.<\/p>\n<p class=\"nota-justify\">Los incidentes ocurrieron cuando el partido de vuelta de octavos iba 1-1. El \u00e1rbitro suspendi\u00f3 temporalmente el juego en el arranque de la segunda parte, en el minuto 48. El cotejo fue cancelado luego por la Conmebol, que deber\u00e1 ahora comunicar el resultado final y determinar las eventuales sanciones para ambos clubes. En la ida los chilenos hab\u00edan ganado 1-0.<\/p>\n<p class=\"nota-justify\"><strong>Organizaci\u00f3n cuestionada<\/strong><\/p>\n<p class=\"nota-justify\">Al menos 650 polic\u00edas y efectivos de seguridad privada fueron asignados al operativo de seguridad sin que ello impidiera la brutal reyerta. Testigos reportaron que los efectivos demoraron en ingresar a la tribuna donde ocurrieron los primeros incidentes.<\/p>\n<p class=\"nota-justify\">El propio presidente de Chile cuestion\u00f3 la log\u00edstica del partido minutos despu\u00e9s de los hechos, &#8220;desde la violencia en las barras hasta la evidente irresponsabilidad en la organizaci\u00f3n&#8221;.<\/p>\n<p class=\"nota-justify\">Los jugadores de la U abandonaron este jueves el hotel donde se alojaban en Buenos Aires rumbo al aeropuerto metropolitano sin formular declaraciones.<\/p>\n<p class=\"nota-justify\">&#8220;Nos trataron p\u00e9simo, fue una encerrona, nadie debe pasar por esto por un partido de futbol&#8221;, dijo a la prensa en el aeropuerto un hincha chileno identificado como Jonathan, que viaj\u00f3 para asistir el partido junto a su esposa.<\/p>\n<p>&nbsp;<\/p>\n<p>La Jornada<\/p>\n","protected":false},"excerpt":{"rendered":"<p>Buenos Aires.\u00a0M\u00e1s de un centenar de personas permanecen bajo arresto este jueves en Argentina debido a los graves enfrentamientos ocurridos la noche del mi\u00e9rcoles en el partido entre Independiente de Avellaneda y Universidad de Chile por octavos de final de la Copa Sudamericana, reportaron autoridades. Una veintena de personas resultaron heridas, algunos de arma blanca, [&hellip;]<\/p>\n","protected":false},"author":2,"featured_media":227361,"comment_status":"closed","ping_status":"closed","sticky":false,"template":"","format":"standard","meta":{"footnotes":""},"categories":[188,12870],"tags":[5231,12865],"class_list":["post-227360","post","type-post","status-publish","format-standard","has-post-thumbnail","hentry","category-deportes","category-destacadas","tag-deportes","tag-destacadas"],"jetpack_featured_media_url":"https:\/\/rnoticias.com.mx\/Portal\/wp-content\/uploads\/2025\/08\/plantillas-manana-GIOVY-2025-08-21T075255.873-1024x683-1.jpg","amp_enabled":true,"_links":{"self":[{"href":"https:\/\/rnoticias.com.mx\/Portal\/wp-json\/wp\/v2\/posts\/227360","targetHints":{"allow":["GET"]}}],"collection":[{"href":"https:\/\/rnoticias.com.mx\/Portal\/wp-json\/wp\/v2\/posts"}],"about":[{"href":"https:\/\/rnoticias.com.mx\/Portal\/wp-json\/wp\/v2\/types\/post"}],"author":[{"embeddable":true,"href":"https:\/\/rnoticias.com.mx\/Portal\/wp-json\/wp\/v2\/users\/2"}],"replies":[{"embeddable":true,"href":"https:\/\/rnoticias.com.mx\/Portal\/wp-json\/wp\/v2\/comments?post=227360"}],"version-history":[{"count":1,"href":"https:\/\/rnoticias.com.mx\/Portal\/wp-json\/wp\/v2\/posts\/227360\/revisions"}],"predecessor-version":[{"id":227362,"href":"https:\/\/rnoticias.com.mx\/Portal\/wp-json\/wp\/v2\/posts\/227360\/revisions\/227362"}],"wp:featuredmedia":[{"embeddable":true,"href":"https:\/\/rnoticias.com.mx\/Portal\/wp-json\/wp\/v2\/media\/227361"}],"wp:attachment":[{"href":"https:\/\/rnoticias.com.mx\/Portal\/wp-json\/wp\/v2\/media?parent=227360"}],"wp:term":[{"taxonomy":"category","embeddable":true,"href":"https:\/\/rnoticias.com.mx\/Portal\/wp-json\/wp\/v2\/categories?post=227360"},{"taxonomy":"post_tag","embeddable":true,"href":"https:\/\/rnoticias.com.mx\/Portal\/wp-json\/wp\/v2\/tags?post=227360"}],"curies":[{"name":"wp","href":"https:\/\/api.w.org\/{rel}","templated":true}]}}