{"id":227357,"date":"2025-08-21T09:04:46","date_gmt":"2025-08-21T16:04:46","guid":{"rendered":"https:\/\/rnoticias.com.mx\/Portal\/?p=227357"},"modified":"2025-08-21T09:04:46","modified_gmt":"2025-08-21T16:04:46","slug":"juez-dicta-prision-preventiva-a-julio-cesar-n","status":"publish","type":"post","link":"https:\/\/rnoticias.com.mx\/Portal\/2025\/08\/21\/juez-dicta-prision-preventiva-a-julio-cesar-n\/","title":{"rendered":"Juez dicta prisi\u00f3n preventiva a Julio C\u00e9sar \u2018N\u2019"},"content":{"rendered":"<p>Un\u00a0<strong>juez federal en Sonora dict\u00f3 prisi\u00f3n preventiva a Julio C\u00e9sar &#8216;N&#8217;,\u00a0<\/strong>por lo que permanecer\u00e1 en el Penal Federal de Hermosillo, Sonora por lo menos hasta que el juez determine si ser\u00e1 o no procesado.<\/p>\n<p>La medida cautelar fue impuesta por el juez Enrique Hern\u00e1ndez del Centro de Justicia Penal Federal de Sonora. Por solicitud de su defensa,\u00a0<strong>el juez duplic\u00f3 el plazo para definir su situaci\u00f3n jur\u00eddica, siendo el s\u00e1bado a las 17:00 horas la fecha pactada para la audiencia definitiva.<\/strong><\/p>\n<p>A Julio C\u00e9sar &#8216;N&#8217;\u00a0le imputan el delito de delincuencia organizada con la finalidad de cometer delitos de tr\u00e1fico y fabricaci\u00f3n de armas en la modalidad de participaci\u00f3n en la introducci\u00f3n clandestina al territorio nacional y en la elaboraci\u00f3n de municiones, cartuchos y explosivos.<\/p>\n<p>El mexicano fue deportado el pasado lunes al pa\u00eds luego de ser arrestado en territorio estadounidense, y desde ese momento\u00a0<strong>fue ingresado al CEFERESO 11 en Hermosillo.<\/strong><\/p>\n<p>&nbsp;<\/p>\n<p>&nbsp;<\/p>\n<p>Fuente: Reforma<\/p>\n","protected":false},"excerpt":{"rendered":"<p>Un\u00a0juez federal en Sonora dict\u00f3 prisi\u00f3n preventiva a Julio C\u00e9sar &#8216;N&#8217;,\u00a0por lo que permanecer\u00e1 en el Penal Federal de Hermosillo, Sonora por lo menos hasta que el juez determine si ser\u00e1 o no procesado. La medida cautelar fue impuesta por el juez Enrique Hern\u00e1ndez del Centro de Justicia Penal Federal de Sonora. Por solicitud de [&hellip;]<\/p>\n","protected":false},"author":2,"featured_media":227358,"comment_status":"closed","ping_status":"closed","sticky":false,"template":"","format":"standard","meta":{"footnotes":""},"categories":[12870,172],"tags":[12865,12874],"class_list":["post-227357","post","type-post","status-publish","format-standard","has-post-thumbnail","hentry","category-destacadas","category-nacional","tag-destacadas","tag-nacional"],"jetpack_featured_media_url":"https:\/\/rnoticias.com.mx\/Portal\/wp-content\/uploads\/2025\/08\/Juez-dicta-prision-preventiva-para-Julio-Cesar-Chavez-Jr-scaled-1.webp","amp_enabled":true,"_links":{"self":[{"href":"https:\/\/rnoticias.com.mx\/Portal\/wp-json\/wp\/v2\/posts\/227357","targetHints":{"allow":["GET"]}}],"collection":[{"href":"https:\/\/rnoticias.com.mx\/Portal\/wp-json\/wp\/v2\/posts"}],"about":[{"href":"https:\/\/rnoticias.com.mx\/Portal\/wp-json\/wp\/v2\/types\/post"}],"author":[{"embeddable":true,"href":"https:\/\/rnoticias.com.mx\/Portal\/wp-json\/wp\/v2\/users\/2"}],"replies":[{"embeddable":true,"href":"https:\/\/rnoticias.com.mx\/Portal\/wp-json\/wp\/v2\/comments?post=227357"}],"version-history":[{"count":1,"href":"https:\/\/rnoticias.com.mx\/Portal\/wp-json\/wp\/v2\/posts\/227357\/revisions"}],"predecessor-version":[{"id":227359,"href":"https:\/\/rnoticias.com.mx\/Portal\/wp-json\/wp\/v2\/posts\/227357\/revisions\/227359"}],"wp:featuredmedia":[{"embeddable":true,"href":"https:\/\/rnoticias.com.mx\/Portal\/wp-json\/wp\/v2\/media\/227358"}],"wp:attachment":[{"href":"https:\/\/rnoticias.com.mx\/Portal\/wp-json\/wp\/v2\/media?parent=227357"}],"wp:term":[{"taxonomy":"category","embeddable":true,"href":"https:\/\/rnoticias.com.mx\/Portal\/wp-json\/wp\/v2\/categories?post=227357"},{"taxonomy":"post_tag","embeddable":true,"href":"https:\/\/rnoticias.com.mx\/Portal\/wp-json\/wp\/v2\/tags?post=227357"}],"curies":[{"name":"wp","href":"https:\/\/api.w.org\/{rel}","templated":true}]}}