{"id":227341,"date":"2025-08-20T22:02:36","date_gmt":"2025-08-21T05:02:36","guid":{"rendered":"https:\/\/rnoticias.com.mx\/Portal\/?p=227341"},"modified":"2025-08-20T22:02:36","modified_gmt":"2025-08-21T05:02:36","slug":"gobierno-de-sonora-invita-a-participar-en-el-premio-estatal-de-la-juventud-2025","status":"publish","type":"post","link":"https:\/\/rnoticias.com.mx\/Portal\/2025\/08\/20\/gobierno-de-sonora-invita-a-participar-en-el-premio-estatal-de-la-juventud-2025\/","title":{"rendered":"Gobierno de Sonora invita a participar en el Premio Estatal de la Juventud 2025"},"content":{"rendered":"<p align=\"justify\">Hermosillo, Sonora; 20 de agosto de 2025.- El Gobierno de Sonora, a trav\u00e9s del Instituto Sonorense de la Juventud (ISJ), invita a participar en el Premio Estatal de la Juventud (PEJ) 2025, el mayor reconocimiento a nivel nacional para destacar el talento, esfuerzo y compromiso de las juventudes sonorenses.<\/p>\n<p align=\"justify\">En conferencia de prensa, la directora general del ISJ, Rebeca Valenzuela \u00c1lvarez, inform\u00f3 que, por instrucci\u00f3n del gobernador Alfonso Durazo Monta\u00f1o, esta edici\u00f3n premiar\u00e1 a 48 j\u00f3venes de entre 12 y 29 a\u00f1os, cada uno con un est\u00edmulo econ\u00f3mico de 120 mil pesos.<\/p>\n<p align=\"justify\">Record\u00f3 que, al inicio de la actual administraci\u00f3n, el premio contemplaba \u00fanicamente a 12 j\u00f3venes, con un est\u00edmulo de 10 mil pesos por persona.<\/p>\n<p align=\"justify\">\u201cHoy, este reconocimiento ha crecido exponencialmente gracias al compromiso de nuestro gobernador, con el objetivo de seguir impulsando a las juventudes de Sonora en todos los \u00e1mbitos de desarrollo\u201d, afirm\u00f3.<\/p>\n<p align=\"justify\">Las 48 distinciones se distribuyen en cuatro categor\u00edas de edad: de 12 a 15 a\u00f1os, de 16 a 19 a\u00f1os, de 20 a 24 a\u00f1os y de 25 a 29 a\u00f1os.<\/p>\n<p align=\"justify\">Entre las \u00e1reas a reconocer se encuentran: Logro Acad\u00e9mico, Grupos de Baile, Video \u201cUn Minuto por la Prevenci\u00f3n\u201d, Fortalecimiento a las Culturas Ind\u00edgenas, Canto, Bandas de Guerra, Discapacidad e Integraci\u00f3n, Logro Deportivo, entre muchas otras.<\/p>\n<p align=\"justify\">La convocatoria estar\u00e1 abierta hasta el 1 de noviembre de 2025; para consultar m\u00e1s detalles se pone a disposici\u00f3n el WhatsApp 6624 44 77 42.<\/p>\n","protected":false},"excerpt":{"rendered":"<p>Hermosillo, Sonora; 20 de agosto de 2025.- El Gobierno de Sonora, a trav\u00e9s del Instituto Sonorense de la Juventud (ISJ), invita a participar en el Premio Estatal de la Juventud (PEJ) 2025, el mayor reconocimiento a nivel nacional para destacar el talento, esfuerzo y compromiso de las juventudes sonorenses. En conferencia de prensa, la directora [&hellip;]<\/p>\n","protected":false},"author":2,"featured_media":227342,"comment_status":"closed","ping_status":"closed","sticky":false,"template":"","format":"standard","meta":{"footnotes":""},"categories":[178],"tags":[12869],"class_list":["post-227341","post","type-post","status-publish","format-standard","has-post-thumbnail","hentry","category-local","tag-local"],"jetpack_featured_media_url":"https:\/\/rnoticias.com.mx\/Portal\/wp-content\/uploads\/2025\/08\/564.jpg","amp_enabled":true,"_links":{"self":[{"href":"https:\/\/rnoticias.com.mx\/Portal\/wp-json\/wp\/v2\/posts\/227341","targetHints":{"allow":["GET"]}}],"collection":[{"href":"https:\/\/rnoticias.com.mx\/Portal\/wp-json\/wp\/v2\/posts"}],"about":[{"href":"https:\/\/rnoticias.com.mx\/Portal\/wp-json\/wp\/v2\/types\/post"}],"author":[{"embeddable":true,"href":"https:\/\/rnoticias.com.mx\/Portal\/wp-json\/wp\/v2\/users\/2"}],"replies":[{"embeddable":true,"href":"https:\/\/rnoticias.com.mx\/Portal\/wp-json\/wp\/v2\/comments?post=227341"}],"version-history":[{"count":1,"href":"https:\/\/rnoticias.com.mx\/Portal\/wp-json\/wp\/v2\/posts\/227341\/revisions"}],"predecessor-version":[{"id":227343,"href":"https:\/\/rnoticias.com.mx\/Portal\/wp-json\/wp\/v2\/posts\/227341\/revisions\/227343"}],"wp:featuredmedia":[{"embeddable":true,"href":"https:\/\/rnoticias.com.mx\/Portal\/wp-json\/wp\/v2\/media\/227342"}],"wp:attachment":[{"href":"https:\/\/rnoticias.com.mx\/Portal\/wp-json\/wp\/v2\/media?parent=227341"}],"wp:term":[{"taxonomy":"category","embeddable":true,"href":"https:\/\/rnoticias.com.mx\/Portal\/wp-json\/wp\/v2\/categories?post=227341"},{"taxonomy":"post_tag","embeddable":true,"href":"https:\/\/rnoticias.com.mx\/Portal\/wp-json\/wp\/v2\/tags?post=227341"}],"curies":[{"name":"wp","href":"https:\/\/api.w.org\/{rel}","templated":true}]}}