{"id":227338,"date":"2025-08-20T22:01:33","date_gmt":"2025-08-21T05:01:33","guid":{"rendered":"https:\/\/rnoticias.com.mx\/Portal\/?p=227338"},"modified":"2025-08-20T22:01:33","modified_gmt":"2025-08-21T05:01:33","slug":"gobierno-de-sonora-reconoce-el-esfuerzo-y-la-dedicacion-de-egresados-del-icatson","status":"publish","type":"post","link":"https:\/\/rnoticias.com.mx\/Portal\/2025\/08\/20\/gobierno-de-sonora-reconoce-el-esfuerzo-y-la-dedicacion-de-egresados-del-icatson\/","title":{"rendered":"Gobierno de Sonora reconoce el esfuerzo y la dedicaci\u00f3n de egresados del Icatson"},"content":{"rendered":"<p align=\"justify\">Hermosillo, Sonora; 20 de agosto de 2025.- En un ambiente de orgullo y celebraci\u00f3n, el Instituto de Capacitaci\u00f3n para el Trabajo del Estado de Sonora (Icatson) reconoci\u00f3 a alumnas y alumnos de las diferentes especialidades del plantel Hermosillo, quienes culminaron con \u00e9xito sus cursos de capacitaci\u00f3n, marcando as\u00ed el inicio de nuevas oportunidades en su desarrollo personal y profesional.<\/p>\n<p align=\"justify\">Egresaron un total de 455 estudiantes de 27 grupos, quienes ya forman parte de la misi\u00f3n del Icatson: formar talentos, impulsar sue\u00f1os y contribuir a que m\u00e1s personas construyan un futuro lleno de oportunidades.<\/p>\n<p align=\"justify\">En la ceremonia estuvieron presentes diversas autoridades, encabezadas por el secretario de Educaci\u00f3n y Cultura, Froyl\u00e1n G\u00e1mez Gamboa; las y los senadores Lorenia Valles Sampedro y Heriberto Aguilar Castillo; los diputados Ely Sallard, \u00d3scar Ortiz Arvayo y Jacobo Mendoza Ruiz; las alumnas distinguidas Heidy Loustanau y Laura Lorenia Villa Lugo; el director general del Icatson, Manuel Gallegos Salgado; Andrea Abigail Flores Lira, directora del plantel Hermosillo, y la secretaria general del Sicatson, Yadira C\u00e1zares Osuna.<\/p>\n<p align=\"justify\">Con este acto se cumple uno de los principales compromisos del gobernador Alfonso Durazo Monta\u00f1o, al promover a trav\u00e9s del Icatson la formaci\u00f3n de talentos: personas con sue\u00f1os, metas y un futuro que ya comenz\u00f3. Este logro representa no solo la culminaci\u00f3n de una etapa, sino tambi\u00e9n el inicio de un camino lleno de posibilidades para las familias sonorenses.<\/p>\n","protected":false},"excerpt":{"rendered":"<p>Hermosillo, Sonora; 20 de agosto de 2025.- En un ambiente de orgullo y celebraci\u00f3n, el Instituto de Capacitaci\u00f3n para el Trabajo del Estado de Sonora (Icatson) reconoci\u00f3 a alumnas y alumnos de las diferentes especialidades del plantel Hermosillo, quienes culminaron con \u00e9xito sus cursos de capacitaci\u00f3n, marcando as\u00ed el inicio de nuevas oportunidades en su [&hellip;]<\/p>\n","protected":false},"author":2,"featured_media":227339,"comment_status":"closed","ping_status":"closed","sticky":false,"template":"","format":"standard","meta":{"footnotes":""},"categories":[178],"tags":[12869],"class_list":["post-227338","post","type-post","status-publish","format-standard","has-post-thumbnail","hentry","category-local","tag-local"],"jetpack_featured_media_url":"https:\/\/rnoticias.com.mx\/Portal\/wp-content\/uploads\/2025\/08\/unnamed-19-3.jpg","amp_enabled":true,"_links":{"self":[{"href":"https:\/\/rnoticias.com.mx\/Portal\/wp-json\/wp\/v2\/posts\/227338","targetHints":{"allow":["GET"]}}],"collection":[{"href":"https:\/\/rnoticias.com.mx\/Portal\/wp-json\/wp\/v2\/posts"}],"about":[{"href":"https:\/\/rnoticias.com.mx\/Portal\/wp-json\/wp\/v2\/types\/post"}],"author":[{"embeddable":true,"href":"https:\/\/rnoticias.com.mx\/Portal\/wp-json\/wp\/v2\/users\/2"}],"replies":[{"embeddable":true,"href":"https:\/\/rnoticias.com.mx\/Portal\/wp-json\/wp\/v2\/comments?post=227338"}],"version-history":[{"count":1,"href":"https:\/\/rnoticias.com.mx\/Portal\/wp-json\/wp\/v2\/posts\/227338\/revisions"}],"predecessor-version":[{"id":227340,"href":"https:\/\/rnoticias.com.mx\/Portal\/wp-json\/wp\/v2\/posts\/227338\/revisions\/227340"}],"wp:featuredmedia":[{"embeddable":true,"href":"https:\/\/rnoticias.com.mx\/Portal\/wp-json\/wp\/v2\/media\/227339"}],"wp:attachment":[{"href":"https:\/\/rnoticias.com.mx\/Portal\/wp-json\/wp\/v2\/media?parent=227338"}],"wp:term":[{"taxonomy":"category","embeddable":true,"href":"https:\/\/rnoticias.com.mx\/Portal\/wp-json\/wp\/v2\/categories?post=227338"},{"taxonomy":"post_tag","embeddable":true,"href":"https:\/\/rnoticias.com.mx\/Portal\/wp-json\/wp\/v2\/tags?post=227338"}],"curies":[{"name":"wp","href":"https:\/\/api.w.org\/{rel}","templated":true}]}}