{"id":227305,"date":"2025-08-20T21:02:16","date_gmt":"2025-08-21T04:02:16","guid":{"rendered":"https:\/\/rnoticias.com.mx\/Portal\/?p=227305"},"modified":"2025-08-20T21:02:16","modified_gmt":"2025-08-21T04:02:16","slug":"celebra-gobierno-municipal-tercera-edicion-de-hermosillo-conecta-red-empresarial-encuentro-de-negocios-en-hermosillo","status":"publish","type":"post","link":"https:\/\/rnoticias.com.mx\/Portal\/2025\/08\/20\/celebra-gobierno-municipal-tercera-edicion-de-hermosillo-conecta-red-empresarial-encuentro-de-negocios-en-hermosillo\/","title":{"rendered":"Celebra Gobierno Municipal Tercera Edici\u00f3n de Hermosillo Conecta-Red Empresarial, Encuentro de Negocios, en Hermosillo."},"content":{"rendered":"<p>Hermosillo, Sonora; 20 de agosto, 2025.- \u201cGracias a la visi\u00f3n de nuestro Alcalde Antonio Astiazar\u00e1n, es que Hermosillo hoy en d\u00eda se ha convertido en una ciudad donde las C\u00e1maras, las Empresas, la Academia y el Gobierno, jalan para el mismo lado\u201d, afirm\u00f3 Oscar Gast\u00e9lum Donnadieu.<\/p>\n<p>El director general de la Agencia Municipal de Desarrollo Econ\u00f3mico (AMDE) acompa\u00f1\u00f3 a las propietarias y propietarios de micro, peque\u00f1as y medianas empresas Hermosillenses, que aceptaron la invitaci\u00f3n de formar parte de este evento, que los convoc\u00f3 a reunirse y explorar alianzas de mutuo beneficio con representantes de c\u00e1maras y organismos empresariales con presencia local e internacional.<\/p>\n<p>\u201cAqu\u00ed estamos Gobierno, C\u00e1maras y Empresarios, no compitiendo, sino, viendo c\u00f3mo nos aliamos, c\u00f3mo nos vinculamos y c\u00f3mo hacemos comunidad\u201d, reflexion\u00f3 el funcionario municipal, quien encabez\u00f3 el encuentro junto con Omar Guti\u00e9rrez y Sonia Fuentes Molinares, Director del Centro Municipal del Emprendedor y Directora de Desarrollo de Proveedores de la AMDE, respectivamente.<\/p>\n<p>El director de la AMDE invit\u00f3 a las personas presentes a dimensionar lo importante que son para la econom\u00eda local, del estado y del pa\u00eds, las micro, peque\u00f1as y medianas empresa, por ser generadoras de empleo y un factor esencial en el desarrollo econ\u00f3mico.<\/p>\n<p>El objetivo de motivar este encuentro se explic\u00f3, es que quienes emprenden en Hermosillo conozcan lo que las c\u00e1maras empresariales pueden aportarles en aspectos como consultor\u00eda y opciones de expansi\u00f3n en el mercado local, nacional e internacional.<\/p>\n<p>Las y los emprendedores asistentes aprovecharon el foro para mostrar y ofrecer degustaciones de sus respectivos productos, entre los que se incluyeron variedades de carne seca, salsas, frijol preparado, pastel de elote, botanas de nopal, productos a base de miel, caf\u00e9 y bebidas que ya se encuentran comercializando en importantes cadenas regionales de conveniencia.<\/p>\n","protected":false},"excerpt":{"rendered":"<p>Hermosillo, Sonora; 20 de agosto, 2025.- \u201cGracias a la visi\u00f3n de nuestro Alcalde Antonio Astiazar\u00e1n, es que Hermosillo hoy en d\u00eda se ha convertido en una ciudad donde las C\u00e1maras, las Empresas, la Academia y el Gobierno, jalan para el mismo lado\u201d, afirm\u00f3 Oscar Gast\u00e9lum Donnadieu. El director general de la Agencia Municipal de Desarrollo [&hellip;]<\/p>\n","protected":false},"author":2,"featured_media":227306,"comment_status":"closed","ping_status":"closed","sticky":false,"template":"","format":"standard","meta":{"footnotes":""},"categories":[12870,178],"tags":[12865,12869],"class_list":["post-227305","post","type-post","status-publish","format-standard","has-post-thumbnail","hentry","category-destacadas","category-local","tag-destacadas","tag-local"],"jetpack_featured_media_url":"https:\/\/rnoticias.com.mx\/Portal\/wp-content\/uploads\/2025\/08\/fb55d5f1-d007-472c-9d2c-e138611d5252.jpg","amp_enabled":true,"_links":{"self":[{"href":"https:\/\/rnoticias.com.mx\/Portal\/wp-json\/wp\/v2\/posts\/227305","targetHints":{"allow":["GET"]}}],"collection":[{"href":"https:\/\/rnoticias.com.mx\/Portal\/wp-json\/wp\/v2\/posts"}],"about":[{"href":"https:\/\/rnoticias.com.mx\/Portal\/wp-json\/wp\/v2\/types\/post"}],"author":[{"embeddable":true,"href":"https:\/\/rnoticias.com.mx\/Portal\/wp-json\/wp\/v2\/users\/2"}],"replies":[{"embeddable":true,"href":"https:\/\/rnoticias.com.mx\/Portal\/wp-json\/wp\/v2\/comments?post=227305"}],"version-history":[{"count":1,"href":"https:\/\/rnoticias.com.mx\/Portal\/wp-json\/wp\/v2\/posts\/227305\/revisions"}],"predecessor-version":[{"id":227307,"href":"https:\/\/rnoticias.com.mx\/Portal\/wp-json\/wp\/v2\/posts\/227305\/revisions\/227307"}],"wp:featuredmedia":[{"embeddable":true,"href":"https:\/\/rnoticias.com.mx\/Portal\/wp-json\/wp\/v2\/media\/227306"}],"wp:attachment":[{"href":"https:\/\/rnoticias.com.mx\/Portal\/wp-json\/wp\/v2\/media?parent=227305"}],"wp:term":[{"taxonomy":"category","embeddable":true,"href":"https:\/\/rnoticias.com.mx\/Portal\/wp-json\/wp\/v2\/categories?post=227305"},{"taxonomy":"post_tag","embeddable":true,"href":"https:\/\/rnoticias.com.mx\/Portal\/wp-json\/wp\/v2\/tags?post=227305"}],"curies":[{"name":"wp","href":"https:\/\/api.w.org\/{rel}","templated":true}]}}