{"id":227299,"date":"2025-08-20T20:57:25","date_gmt":"2025-08-21T03:57:25","guid":{"rendered":"https:\/\/rnoticias.com.mx\/Portal\/?p=227299"},"modified":"2025-08-20T20:57:25","modified_gmt":"2025-08-21T03:57:25","slug":"celebran-el-dia-del-cine-mexicano-en-hermosillo-con-cortometraje-de-mariana-mendivil","status":"publish","type":"post","link":"https:\/\/rnoticias.com.mx\/Portal\/2025\/08\/20\/celebran-el-dia-del-cine-mexicano-en-hermosillo-con-cortometraje-de-mariana-mendivil\/","title":{"rendered":"Celebran el D\u00eda del Cine Mexicano en Hermosillo con cortometraje de Mariana Mendiv\u00edl"},"content":{"rendered":"<p>Hermosillo, Sonora. Como parte de las actividades por el D\u00eda del Cine Mexicano, este jueves 21 de agosto se proyectar\u00e1 en la Cineteca de Sonora el cortometraje Memorias de un Cuerpo Desplazado, de la cineasta hermosillense Mariana Mendiv\u00edl.<\/p>\n<p>&nbsp;<\/p>\n<p>Detall\u00f3, que la funci\u00f3n, que inicia a las 20:15 horas, se realiza dentro de una iniciativa nacional impulsada por la Secretar\u00eda de Cultura y el Instituto Mexicano de Cinematograf\u00eda para promover el cine nacional a trav\u00e9s de proyecciones simult\u00e1neas en distintas sedes del pa\u00eds.<\/p>\n<p>&nbsp;<\/p>\n<p>\u201cAdem\u00e1s de mi corto, se presentar\u00e1 un largometraje como parte del programa doble. Ojal\u00e1 muchas personas puedan acudir y observar parte de nuestro trabajo\u201d, manifest\u00f3.<\/p>\n<p>&nbsp;<\/p>\n<p>Detall\u00f3, que el cortometraje, que mezcla t\u00e9cnicas de cine y collage, naci\u00f3 durante la pandemia cuando ella imposibilitada de filmar su tesis de manera tradicional, comenz\u00f3 a experimentar con materiales visuales reciclados.<\/p>\n<p>&nbsp;<\/p>\n<p>Explico, que la pieza combina im\u00e1genes en stop motion, animaciones y textos extra\u00eddos de diarios personales, dando como resultado un lenguaje visual \u00edntimo, po\u00e9tico y profundamente introspectivo.<\/p>\n<p>&nbsp;<\/p>\n<p>Finalmente, la sonorense egresada de la UNAM, expres\u00f3 su emoci\u00f3n por presentar su obra en su ciudad natal.<\/p>\n<p>&nbsp;<\/p>\n<p>\u201cAunque el proyecto se desarroll\u00f3 en la Ciudad de M\u00e9xico, originalmente se planeaba filmar en Hermosillo y por eso aprovecho de nuevo para invitar al p\u00fablico a disfrutar de la programaci\u00f3n, que incluye tanto cortometrajes como largometrajes, y destac\u00f3 la importancia de abrir m\u00e1s espacios para el cine en formato corto, como forma leg\u00edtima de expresi\u00f3n art\u00edstica\u201d, afirm\u00f3.<\/p>\n","protected":false},"excerpt":{"rendered":"<p>Hermosillo, Sonora. Como parte de las actividades por el D\u00eda del Cine Mexicano, este jueves 21 de agosto se proyectar\u00e1 en la Cineteca de Sonora el cortometraje Memorias de un Cuerpo Desplazado, de la cineasta hermosillense Mariana Mendiv\u00edl. &nbsp; Detall\u00f3, que la funci\u00f3n, que inicia a las 20:15 horas, se realiza dentro de una iniciativa [&hellip;]<\/p>\n","protected":false},"author":2,"featured_media":227300,"comment_status":"closed","ping_status":"closed","sticky":false,"template":"","format":"standard","meta":{"footnotes":""},"categories":[12870,178],"tags":[12865,12869],"class_list":["post-227299","post","type-post","status-publish","format-standard","has-post-thumbnail","hentry","category-destacadas","category-local","tag-destacadas","tag-local"],"jetpack_featured_media_url":"https:\/\/rnoticias.com.mx\/Portal\/wp-content\/uploads\/2025\/08\/Mendivil-Mariana.jpg","amp_enabled":true,"_links":{"self":[{"href":"https:\/\/rnoticias.com.mx\/Portal\/wp-json\/wp\/v2\/posts\/227299","targetHints":{"allow":["GET"]}}],"collection":[{"href":"https:\/\/rnoticias.com.mx\/Portal\/wp-json\/wp\/v2\/posts"}],"about":[{"href":"https:\/\/rnoticias.com.mx\/Portal\/wp-json\/wp\/v2\/types\/post"}],"author":[{"embeddable":true,"href":"https:\/\/rnoticias.com.mx\/Portal\/wp-json\/wp\/v2\/users\/2"}],"replies":[{"embeddable":true,"href":"https:\/\/rnoticias.com.mx\/Portal\/wp-json\/wp\/v2\/comments?post=227299"}],"version-history":[{"count":1,"href":"https:\/\/rnoticias.com.mx\/Portal\/wp-json\/wp\/v2\/posts\/227299\/revisions"}],"predecessor-version":[{"id":227301,"href":"https:\/\/rnoticias.com.mx\/Portal\/wp-json\/wp\/v2\/posts\/227299\/revisions\/227301"}],"wp:featuredmedia":[{"embeddable":true,"href":"https:\/\/rnoticias.com.mx\/Portal\/wp-json\/wp\/v2\/media\/227300"}],"wp:attachment":[{"href":"https:\/\/rnoticias.com.mx\/Portal\/wp-json\/wp\/v2\/media?parent=227299"}],"wp:term":[{"taxonomy":"category","embeddable":true,"href":"https:\/\/rnoticias.com.mx\/Portal\/wp-json\/wp\/v2\/categories?post=227299"},{"taxonomy":"post_tag","embeddable":true,"href":"https:\/\/rnoticias.com.mx\/Portal\/wp-json\/wp\/v2\/tags?post=227299"}],"curies":[{"name":"wp","href":"https:\/\/api.w.org\/{rel}","templated":true}]}}