{"id":227296,"date":"2025-08-20T20:55:55","date_gmt":"2025-08-21T03:55:55","guid":{"rendered":"https:\/\/rnoticias.com.mx\/Portal\/?p=227296"},"modified":"2025-08-20T20:55:55","modified_gmt":"2025-08-21T03:55:55","slug":"guardias-de-seguridad-enfrentan-largas-jornadas-sin-sentarse-sindicato-valora-avance-con-ley-silla","status":"publish","type":"post","link":"https:\/\/rnoticias.com.mx\/Portal\/2025\/08\/20\/guardias-de-seguridad-enfrentan-largas-jornadas-sin-sentarse-sindicato-valora-avance-con-ley-silla\/","title":{"rendered":"Guardias de seguridad enfrentan largas jornadas sin sentarse; sindicato valora avance con Ley Silla"},"content":{"rendered":"<p>Miles de guardias de seguridad en Sonora trabajan jornadas de hasta 12 horas de pie, e incluso 36 cuando no hay relevo, denunci\u00f3 Claudio Huidobro C\u00e1rdenas, representante sindical del sector por parte de la CTM.<\/p>\n<p>&nbsp;<\/p>\n<p>Ante esta realidad, destac\u00f3 la importancia de la Ley Silla, recientemente aprobada, como un paso urgente para mejorar las condiciones laborales en la seguridad privada.<\/p>\n<p>&nbsp;<\/p>\n<p>\u201cEn el caso de los guardias si es necesario, si es urgente por las ilegales e inhumanas jornadas de 12 horas de pie, que no son 12, sino de 36 cuando falla el relevo. Entonces, hay un periodo de gracia de seis meses para hacer los estudios para que se vayan aclimatando los empresarios\u201d, coment\u00f3.<\/p>\n<p>&nbsp;<\/p>\n<p>Record\u00f3, que la norma que entro en vigor desde junio pasado, debe ser bien aprovechada por empresas al realizar estudios ergon\u00f3micos y definir qu\u00e9 tipo de sillas ser\u00e1n adecuadas para sus empleados, considerando respaldo, ruedas o descansapi\u00e9s seg\u00fan el entorno laboral.<\/p>\n<p>&nbsp;<\/p>\n<p>Por \u00faltimo, Huidobro subray\u00f3 que esta disposici\u00f3n es de cumplimiento obligatorio para los empleadores y los trabajadores deben estar informados para exigir su derecho.<\/p>\n<p>&nbsp;<\/p>\n","protected":false},"excerpt":{"rendered":"<p>Miles de guardias de seguridad en Sonora trabajan jornadas de hasta 12 horas de pie, e incluso 36 cuando no hay relevo, denunci\u00f3 Claudio Huidobro C\u00e1rdenas, representante sindical del sector por parte de la CTM. &nbsp; Ante esta realidad, destac\u00f3 la importancia de la Ley Silla, recientemente aprobada, como un paso urgente para mejorar las [&hellip;]<\/p>\n","protected":false},"author":2,"featured_media":227297,"comment_status":"closed","ping_status":"closed","sticky":false,"template":"","format":"standard","meta":{"footnotes":""},"categories":[12870,178],"tags":[12865,12869],"class_list":["post-227296","post","type-post","status-publish","format-standard","has-post-thumbnail","hentry","category-destacadas","category-local","tag-destacadas","tag-local"],"jetpack_featured_media_url":"https:\/\/rnoticias.com.mx\/Portal\/wp-content\/uploads\/2025\/08\/vigilantes-de-seguridad-2.jpg","amp_enabled":true,"_links":{"self":[{"href":"https:\/\/rnoticias.com.mx\/Portal\/wp-json\/wp\/v2\/posts\/227296","targetHints":{"allow":["GET"]}}],"collection":[{"href":"https:\/\/rnoticias.com.mx\/Portal\/wp-json\/wp\/v2\/posts"}],"about":[{"href":"https:\/\/rnoticias.com.mx\/Portal\/wp-json\/wp\/v2\/types\/post"}],"author":[{"embeddable":true,"href":"https:\/\/rnoticias.com.mx\/Portal\/wp-json\/wp\/v2\/users\/2"}],"replies":[{"embeddable":true,"href":"https:\/\/rnoticias.com.mx\/Portal\/wp-json\/wp\/v2\/comments?post=227296"}],"version-history":[{"count":1,"href":"https:\/\/rnoticias.com.mx\/Portal\/wp-json\/wp\/v2\/posts\/227296\/revisions"}],"predecessor-version":[{"id":227298,"href":"https:\/\/rnoticias.com.mx\/Portal\/wp-json\/wp\/v2\/posts\/227296\/revisions\/227298"}],"wp:featuredmedia":[{"embeddable":true,"href":"https:\/\/rnoticias.com.mx\/Portal\/wp-json\/wp\/v2\/media\/227297"}],"wp:attachment":[{"href":"https:\/\/rnoticias.com.mx\/Portal\/wp-json\/wp\/v2\/media?parent=227296"}],"wp:term":[{"taxonomy":"category","embeddable":true,"href":"https:\/\/rnoticias.com.mx\/Portal\/wp-json\/wp\/v2\/categories?post=227296"},{"taxonomy":"post_tag","embeddable":true,"href":"https:\/\/rnoticias.com.mx\/Portal\/wp-json\/wp\/v2\/tags?post=227296"}],"curies":[{"name":"wp","href":"https:\/\/api.w.org\/{rel}","templated":true}]}}