{"id":227293,"date":"2025-08-20T20:54:48","date_gmt":"2025-08-21T03:54:48","guid":{"rendered":"https:\/\/rnoticias.com.mx\/Portal\/?p=227293"},"modified":"2025-08-20T20:54:48","modified_gmt":"2025-08-21T03:54:48","slug":"olinia-pone-a-sonora-en-la-ruta-electrica-del-futuro-especialista","status":"publish","type":"post","link":"https:\/\/rnoticias.com.mx\/Portal\/2025\/08\/20\/olinia-pone-a-sonora-en-la-ruta-electrica-del-futuro-especialista\/","title":{"rendered":"Olinia pone a Sonora en la ruta el\u00e9ctrica del futuro: Especialista"},"content":{"rendered":"<p>Carlos Ad\u00e1n Castillo Ortiz, director de las carreras de Ingenier\u00eda en Energ\u00eda y Desarrollo Sostenible e Ingenier\u00eda en Mantenimiento Industrial en la Universidad Tecnol\u00f3gica de Hermosillo, destac\u00f3 la relevancia del proyecto \u201cOlinia\u201d, el primer veh\u00edculo el\u00e9ctrico mexicano que podr\u00eda fabricarse en Sonora.<\/p>\n<p>&nbsp;<\/p>\n<p>El especialista afirm\u00f3 que esta propuesta, impulsada por el gobierno federal, representa una oportunidad hist\u00f3rica para detonar el desarrollo econ\u00f3mico del estado y posicionarlo como un polo estrat\u00e9gico en electromovilidad.<\/p>\n<p>&nbsp;<\/p>\n<p>\u201cSin duda es una gran propuesta, ya sea en las tres versiones que se pretende manejar y obviamente, pues, si se da que aqu\u00ed en Sonora se ponga la planta armadora\u00a0pues, obviamente nos va a detonar una econom\u00eda muy importante,\u00a0un polo de desarrollo, porque, pues, no solo con la planta armadora,\u00a0pues, se viene la planta, sino toda la parte de proveedur\u00eda que eso implica. Sin duda va a poner a Sonora en el mapa de lo que es la electromovilidad\u201d, asegur\u00f3.<\/p>\n<p>&nbsp;<\/p>\n<p>Castillo Ortiz tambi\u00e9n se\u00f1al\u00f3 que uno de los grandes retos ser\u00e1 contar con personal capacitado para atender la demanda que generar\u00e1 la nueva industria automotriz el\u00e9ctrica. Por ello, adelant\u00f3 que la Universidad Tecnol\u00f3gica de Hermosillo ya est\u00e1 gestionando la apertura de una ingenier\u00eda en electromovilidad para el pr\u00f3ximo ciclo escolar.<\/p>\n<p>&nbsp;<\/p>\n<p>Detall\u00f3, que esta carrera se enfocar\u00e1 en formar talento en \u00e1reas clave como sistemas automotrices, almacenamiento de energ\u00eda y motores el\u00e9ctricos, contribuyendo a un mercado en crecimiento que actualmente carece de t\u00e9cnicos especializados.<\/p>\n<p>&nbsp;<\/p>\n<p>Finalmente, el acad\u00e9mico resalt\u00f3 que Sonora no solo destaca por su ubicaci\u00f3n estrat\u00e9gica cercana a la frontera, sino por su potencial para albergar una planta armadora que impulsar\u00eda el desarrollo industrial y sustentable de la regi\u00f3n.<\/p>\n","protected":false},"excerpt":{"rendered":"<p>Carlos Ad\u00e1n Castillo Ortiz, director de las carreras de Ingenier\u00eda en Energ\u00eda y Desarrollo Sostenible e Ingenier\u00eda en Mantenimiento Industrial en la Universidad Tecnol\u00f3gica de Hermosillo, destac\u00f3 la relevancia del proyecto \u201cOlinia\u201d, el primer veh\u00edculo el\u00e9ctrico mexicano que podr\u00eda fabricarse en Sonora. &nbsp; El especialista afirm\u00f3 que esta propuesta, impulsada por el gobierno federal, representa [&hellip;]<\/p>\n","protected":false},"author":2,"featured_media":227294,"comment_status":"closed","ping_status":"closed","sticky":false,"template":"","format":"standard","meta":{"footnotes":""},"categories":[12870,178],"tags":[12865,12869],"class_list":["post-227293","post","type-post","status-publish","format-standard","has-post-thumbnail","hentry","category-destacadas","category-local","tag-destacadas","tag-local"],"jetpack_featured_media_url":"https:\/\/rnoticias.com.mx\/Portal\/wp-content\/uploads\/2025\/08\/olinia-scaled-1.jpg","amp_enabled":true,"_links":{"self":[{"href":"https:\/\/rnoticias.com.mx\/Portal\/wp-json\/wp\/v2\/posts\/227293","targetHints":{"allow":["GET"]}}],"collection":[{"href":"https:\/\/rnoticias.com.mx\/Portal\/wp-json\/wp\/v2\/posts"}],"about":[{"href":"https:\/\/rnoticias.com.mx\/Portal\/wp-json\/wp\/v2\/types\/post"}],"author":[{"embeddable":true,"href":"https:\/\/rnoticias.com.mx\/Portal\/wp-json\/wp\/v2\/users\/2"}],"replies":[{"embeddable":true,"href":"https:\/\/rnoticias.com.mx\/Portal\/wp-json\/wp\/v2\/comments?post=227293"}],"version-history":[{"count":1,"href":"https:\/\/rnoticias.com.mx\/Portal\/wp-json\/wp\/v2\/posts\/227293\/revisions"}],"predecessor-version":[{"id":227295,"href":"https:\/\/rnoticias.com.mx\/Portal\/wp-json\/wp\/v2\/posts\/227293\/revisions\/227295"}],"wp:featuredmedia":[{"embeddable":true,"href":"https:\/\/rnoticias.com.mx\/Portal\/wp-json\/wp\/v2\/media\/227294"}],"wp:attachment":[{"href":"https:\/\/rnoticias.com.mx\/Portal\/wp-json\/wp\/v2\/media?parent=227293"}],"wp:term":[{"taxonomy":"category","embeddable":true,"href":"https:\/\/rnoticias.com.mx\/Portal\/wp-json\/wp\/v2\/categories?post=227293"},{"taxonomy":"post_tag","embeddable":true,"href":"https:\/\/rnoticias.com.mx\/Portal\/wp-json\/wp\/v2\/tags?post=227293"}],"curies":[{"name":"wp","href":"https:\/\/api.w.org\/{rel}","templated":true}]}}