{"id":227284,"date":"2025-08-20T20:09:48","date_gmt":"2025-08-21T03:09:48","guid":{"rendered":"https:\/\/rnoticias.com.mx\/Portal\/?p=227284"},"modified":"2025-08-20T20:09:48","modified_gmt":"2025-08-21T03:09:48","slug":"quinta-temporada-de-emily-in-paris-se-estrenara-este-18-de-diciembre","status":"publish","type":"post","link":"https:\/\/rnoticias.com.mx\/Portal\/2025\/08\/20\/quinta-temporada-de-emily-in-paris-se-estrenara-este-18-de-diciembre\/","title":{"rendered":"Quinta temporada de &#8216;Emily in Paris&#8217; se estrenar\u00e1 este 18 de diciembre"},"content":{"rendered":"<p>La quinta temporada de<strong>\u00a0&#8216;Emily in Paris&#8217;,<\/strong>\u00a0la exitosa serie de Netflix protagonizada por la actriz\u00a0<strong>Lily Collins,\u00a0<\/strong>se estrenar\u00e1 el pr\u00f3ximo 18 de diciembre, anunci\u00f3 este mi\u00e9rcoles el gigante del entretenimiento.<\/p>\n<p>La plataforma de contenidos en l\u00ednea acompa\u00f1\u00f3 el anuncio del estreno de una de las\u00a0<strong>series m\u00e1s populares con varias fotograf\u00edas del rodaje, donde puede verse a Collins, en su papel de la ejecutiva de marketing estadounidense Emily Cooper<\/strong>, viajando por la ciudad italiana de Venecia.<\/p>\n<p>La relaci\u00f3n entre Emily y el italiano Marcello (interpretado por Eugenio Franceschini), su nuevo inter\u00e9s amoroso que se\u00a0<strong>inici\u00f3 en la segunda parte de la cuarta temporada, se explotar\u00e1 a lo largo de esta quinta entrega, que por primera vez sali\u00f3 de Par\u00eds para rodarse en Italia.<\/strong><\/p>\n<p>La nueva entrega contar\u00e1, adem\u00e1s, con el regreso de casi todo el elenco principal, incluidos\u00a0<strong>Philippine Leroy-Beaulieu (Sylvie Grateau), Ashley Park (Mindy Chen), Lucas Bravo (el chef Gabriel), Samuel Arnold (Julien), Bruno Gouery (Luc) y Lucien Laviscount (el brit\u00e1nico Alfie), entre otros.<\/strong><\/p>\n<p>La primera parte vio la luz el 15 de agosto y ocup\u00f3 el puesto n\u00famero 1 en el Top 10 global de Netflix cuando se estren\u00f3, con 19,9 millones de visualizaciones en sus primeros cuatro d\u00edas, alcanzando as\u00ed el<strong>\u00a0Top 10 en 93 pa\u00edses y asegur\u00e1ndose un puesto en esa lista durante cuatro semanas consecutivas desde entonces, seg\u00fan datos de la plataforma.<\/strong><\/p>\n<p>&nbsp;<\/p>\n<p>Fuente: EFE<\/p>\n","protected":false},"excerpt":{"rendered":"<p>La quinta temporada de\u00a0&#8216;Emily in Paris&#8217;,\u00a0la exitosa serie de Netflix protagonizada por la actriz\u00a0Lily Collins,\u00a0se estrenar\u00e1 el pr\u00f3ximo 18 de diciembre, anunci\u00f3 este mi\u00e9rcoles el gigante del entretenimiento. La plataforma de contenidos en l\u00ednea acompa\u00f1\u00f3 el anuncio del estreno de una de las\u00a0series m\u00e1s populares con varias fotograf\u00edas del rodaje, donde puede verse a Collins, [&hellip;]<\/p>\n","protected":false},"author":2,"featured_media":227285,"comment_status":"closed","ping_status":"closed","sticky":false,"template":"","format":"standard","meta":{"footnotes":""},"categories":[12870,219],"tags":[12865,12875],"class_list":["post-227284","post","type-post","status-publish","format-standard","has-post-thumbnail","hentry","category-destacadas","category-espectaculos","tag-destacadas","tag-espectaculos"],"jetpack_featured_media_url":"https:\/\/rnoticias.com.mx\/Portal\/wp-content\/uploads\/2025\/08\/descarga-2.webp","amp_enabled":true,"_links":{"self":[{"href":"https:\/\/rnoticias.com.mx\/Portal\/wp-json\/wp\/v2\/posts\/227284","targetHints":{"allow":["GET"]}}],"collection":[{"href":"https:\/\/rnoticias.com.mx\/Portal\/wp-json\/wp\/v2\/posts"}],"about":[{"href":"https:\/\/rnoticias.com.mx\/Portal\/wp-json\/wp\/v2\/types\/post"}],"author":[{"embeddable":true,"href":"https:\/\/rnoticias.com.mx\/Portal\/wp-json\/wp\/v2\/users\/2"}],"replies":[{"embeddable":true,"href":"https:\/\/rnoticias.com.mx\/Portal\/wp-json\/wp\/v2\/comments?post=227284"}],"version-history":[{"count":1,"href":"https:\/\/rnoticias.com.mx\/Portal\/wp-json\/wp\/v2\/posts\/227284\/revisions"}],"predecessor-version":[{"id":227286,"href":"https:\/\/rnoticias.com.mx\/Portal\/wp-json\/wp\/v2\/posts\/227284\/revisions\/227286"}],"wp:featuredmedia":[{"embeddable":true,"href":"https:\/\/rnoticias.com.mx\/Portal\/wp-json\/wp\/v2\/media\/227285"}],"wp:attachment":[{"href":"https:\/\/rnoticias.com.mx\/Portal\/wp-json\/wp\/v2\/media?parent=227284"}],"wp:term":[{"taxonomy":"category","embeddable":true,"href":"https:\/\/rnoticias.com.mx\/Portal\/wp-json\/wp\/v2\/categories?post=227284"},{"taxonomy":"post_tag","embeddable":true,"href":"https:\/\/rnoticias.com.mx\/Portal\/wp-json\/wp\/v2\/tags?post=227284"}],"curies":[{"name":"wp","href":"https:\/\/api.w.org\/{rel}","templated":true}]}}