{"id":227281,"date":"2025-08-20T16:33:16","date_gmt":"2025-08-20T23:33:16","guid":{"rendered":"https:\/\/rnoticias.com.mx\/Portal\/?p=227281"},"modified":"2025-08-20T16:33:16","modified_gmt":"2025-08-20T23:33:16","slug":"invita-gobierno-municipal-a-taller-una-semilla-x-hermosillo-para-aprender-a-germinar-y-reforestar-la-ciudad","status":"publish","type":"post","link":"https:\/\/rnoticias.com.mx\/Portal\/2025\/08\/20\/invita-gobierno-municipal-a-taller-una-semilla-x-hermosillo-para-aprender-a-germinar-y-reforestar-la-ciudad\/","title":{"rendered":"Invita Gobierno Municipal a Taller \u201cUna Semilla x Hermosillo\u201d para aprender a germinar y reforestar la ciudad"},"content":{"rendered":"<p>Hermosillo, Sonora; 20 de agosto de 2025.- El Ayuntamiento de Hermosillo, a trav\u00e9s de Servicios P\u00fablicos Municipales, invita a la ciudadan\u00eda a participar en el taller \u201cUna Semilla x Hermosillo\u201d, que se llevar\u00e1 a cabo este viernes 22 de agosto en el Vivero Municipal.<\/p>\n<p>La din\u00e1mica est\u00e1 dirigida a todas y todos los interesados en aprender sobre la identificaci\u00f3n de especies nativas, t\u00e9cnicas de germinaci\u00f3n paso a paso, cuidado y manejo de pl\u00e1ntulas, as\u00ed como la importancia de estas acciones en la reforestaci\u00f3n urbana.<\/p>\n<p>El taller ser\u00e1 de las 17:30 a las 19:00 horas en el vivero ubicado en Morelia esquina con La Palma, con un cupo limitado a 40 personas y las inscripciones est\u00e1n abiertas a trav\u00e9s del enlace disponible en las redes sociales de Servicios P\u00fablicos Municipales.<\/p>\n<p>Adem\u00e1s, durante la jornada se estar\u00e1 recibiendo material reciclable como PET, cart\u00f3n y aluminio, fomentando con ello una participaci\u00f3n ciudadana activa en el cuidado del medio ambiente.<\/p>\n<p>Enlace de inscripci\u00f3n:<\/p>\n<p>https:\/\/forms.gle\/Rd8fjpqCqXKziKto8<\/p>\n","protected":false},"excerpt":{"rendered":"<p>Hermosillo, Sonora; 20 de agosto de 2025.- El Ayuntamiento de Hermosillo, a trav\u00e9s de Servicios P\u00fablicos Municipales, invita a la ciudadan\u00eda a participar en el taller \u201cUna Semilla x Hermosillo\u201d, que se llevar\u00e1 a cabo este viernes 22 de agosto en el Vivero Municipal. La din\u00e1mica est\u00e1 dirigida a todas y todos los interesados en [&hellip;]<\/p>\n","protected":false},"author":2,"featured_media":227282,"comment_status":"closed","ping_status":"closed","sticky":false,"template":"","format":"standard","meta":{"footnotes":""},"categories":[12870,178],"tags":[12865,12869],"class_list":["post-227281","post","type-post","status-publish","format-standard","has-post-thumbnail","hentry","category-destacadas","category-local","tag-destacadas","tag-local"],"jetpack_featured_media_url":"https:\/\/rnoticias.com.mx\/Portal\/wp-content\/uploads\/2025\/08\/5b525dcc-4d1d-4849-96fc-ecb4071e16a9.jpg","amp_enabled":true,"_links":{"self":[{"href":"https:\/\/rnoticias.com.mx\/Portal\/wp-json\/wp\/v2\/posts\/227281","targetHints":{"allow":["GET"]}}],"collection":[{"href":"https:\/\/rnoticias.com.mx\/Portal\/wp-json\/wp\/v2\/posts"}],"about":[{"href":"https:\/\/rnoticias.com.mx\/Portal\/wp-json\/wp\/v2\/types\/post"}],"author":[{"embeddable":true,"href":"https:\/\/rnoticias.com.mx\/Portal\/wp-json\/wp\/v2\/users\/2"}],"replies":[{"embeddable":true,"href":"https:\/\/rnoticias.com.mx\/Portal\/wp-json\/wp\/v2\/comments?post=227281"}],"version-history":[{"count":1,"href":"https:\/\/rnoticias.com.mx\/Portal\/wp-json\/wp\/v2\/posts\/227281\/revisions"}],"predecessor-version":[{"id":227283,"href":"https:\/\/rnoticias.com.mx\/Portal\/wp-json\/wp\/v2\/posts\/227281\/revisions\/227283"}],"wp:featuredmedia":[{"embeddable":true,"href":"https:\/\/rnoticias.com.mx\/Portal\/wp-json\/wp\/v2\/media\/227282"}],"wp:attachment":[{"href":"https:\/\/rnoticias.com.mx\/Portal\/wp-json\/wp\/v2\/media?parent=227281"}],"wp:term":[{"taxonomy":"category","embeddable":true,"href":"https:\/\/rnoticias.com.mx\/Portal\/wp-json\/wp\/v2\/categories?post=227281"},{"taxonomy":"post_tag","embeddable":true,"href":"https:\/\/rnoticias.com.mx\/Portal\/wp-json\/wp\/v2\/tags?post=227281"}],"curies":[{"name":"wp","href":"https:\/\/api.w.org\/{rel}","templated":true}]}}