{"id":227278,"date":"2025-08-20T16:27:51","date_gmt":"2025-08-20T23:27:51","guid":{"rendered":"https:\/\/rnoticias.com.mx\/Portal\/?p=227278"},"modified":"2025-08-20T16:27:51","modified_gmt":"2025-08-20T23:27:51","slug":"da-diputacion-permanente-tramite-a-correspondencia-y-aprueba-acta-de-sesion","status":"publish","type":"post","link":"https:\/\/rnoticias.com.mx\/Portal\/2025\/08\/20\/da-diputacion-permanente-tramite-a-correspondencia-y-aprueba-acta-de-sesion\/","title":{"rendered":"Da Diputaci\u00f3n Permanente tr\u00e1mite a correspondencia y aprueba acta de sesi\u00f3n"},"content":{"rendered":"<p>Hermosillo, Sonora; 20 de agosto de 2025.- La Diputaci\u00f3n Permanente del Congreso del Estado celebr\u00f3 sesi\u00f3n de trabajo con el prop\u00f3sito de dar tr\u00e1mite a la correspondencia recibida en fechas recientes y aprobar el acta de una sesi\u00f3n anterior.<\/p>\n<p>La sesi\u00f3n fue presidida por el diputado Omar Del Valle Colosio (PVEM), en su car\u00e1cter de presidente de la Mesa Directiva, y cont\u00f3 con la participaci\u00f3n de las diputadas Amairany Pe\u00f1a Escalante (PES) y Mar\u00eda Eduwiges Espinoza Tapia (Morena), as\u00ed como los diputados Rub\u00e9n Gonz\u00e1lez Aguayo y Manuel Scott S\u00e1nchez (MC), integrantes de la misma.<\/p>\n<p>Las y los integrantes de la Mesa Directiva revisaron, analizaron y turnaron a las comisiones correspondientes diversos oficios, documentos y escritos remitidos por autoridades de los tres niveles de gobierno, organismos p\u00fablicos y dependencias estatales, mismos que abarcan el periodo del 11 al 18 de agosto del presente a\u00f1o. Dichos documentos incluyen solicitudes y comunicaciones enviadas por distintas presidencias municipales, as\u00ed como informes y notificaciones suscritos por personas servidoras p\u00fablicas.<\/p>\n<p>De igual manera, se aprob\u00f3 el acta correspondiente a la sesi\u00f3n celebrada el pasado 13 de agosto del presente a\u00f1o.<\/p>\n<p>La convocatoria para la pr\u00f3xima sesi\u00f3n ser\u00e1 publicada oportunamente en la Gaceta Parlamentaria.<\/p>\n","protected":false},"excerpt":{"rendered":"<p>Hermosillo, Sonora; 20 de agosto de 2025.- La Diputaci\u00f3n Permanente del Congreso del Estado celebr\u00f3 sesi\u00f3n de trabajo con el prop\u00f3sito de dar tr\u00e1mite a la correspondencia recibida en fechas recientes y aprobar el acta de una sesi\u00f3n anterior. La sesi\u00f3n fue presidida por el diputado Omar Del Valle Colosio (PVEM), en su car\u00e1cter de [&hellip;]<\/p>\n","protected":false},"author":2,"featured_media":227279,"comment_status":"closed","ping_status":"closed","sticky":false,"template":"","format":"standard","meta":{"footnotes":""},"categories":[12870,12868],"tags":[12865,12879],"class_list":["post-227278","post","type-post","status-publish","format-standard","has-post-thumbnail","hentry","category-destacadas","category-politica","tag-destacadas","tag-politica"],"jetpack_featured_media_url":"https:\/\/rnoticias.com.mx\/Portal\/wp-content\/uploads\/2025\/08\/623790bf-8ede-4b0f-a36b-8afeda84533e.jpg","amp_enabled":true,"_links":{"self":[{"href":"https:\/\/rnoticias.com.mx\/Portal\/wp-json\/wp\/v2\/posts\/227278","targetHints":{"allow":["GET"]}}],"collection":[{"href":"https:\/\/rnoticias.com.mx\/Portal\/wp-json\/wp\/v2\/posts"}],"about":[{"href":"https:\/\/rnoticias.com.mx\/Portal\/wp-json\/wp\/v2\/types\/post"}],"author":[{"embeddable":true,"href":"https:\/\/rnoticias.com.mx\/Portal\/wp-json\/wp\/v2\/users\/2"}],"replies":[{"embeddable":true,"href":"https:\/\/rnoticias.com.mx\/Portal\/wp-json\/wp\/v2\/comments?post=227278"}],"version-history":[{"count":1,"href":"https:\/\/rnoticias.com.mx\/Portal\/wp-json\/wp\/v2\/posts\/227278\/revisions"}],"predecessor-version":[{"id":227280,"href":"https:\/\/rnoticias.com.mx\/Portal\/wp-json\/wp\/v2\/posts\/227278\/revisions\/227280"}],"wp:featuredmedia":[{"embeddable":true,"href":"https:\/\/rnoticias.com.mx\/Portal\/wp-json\/wp\/v2\/media\/227279"}],"wp:attachment":[{"href":"https:\/\/rnoticias.com.mx\/Portal\/wp-json\/wp\/v2\/media?parent=227278"}],"wp:term":[{"taxonomy":"category","embeddable":true,"href":"https:\/\/rnoticias.com.mx\/Portal\/wp-json\/wp\/v2\/categories?post=227278"},{"taxonomy":"post_tag","embeddable":true,"href":"https:\/\/rnoticias.com.mx\/Portal\/wp-json\/wp\/v2\/tags?post=227278"}],"curies":[{"name":"wp","href":"https:\/\/api.w.org\/{rel}","templated":true}]}}