{"id":227275,"date":"2025-08-20T16:26:34","date_gmt":"2025-08-20T23:26:34","guid":{"rendered":"https:\/\/rnoticias.com.mx\/Portal\/?p=227275"},"modified":"2025-08-20T16:26:34","modified_gmt":"2025-08-20T23:26:34","slug":"realiza-congreso-de-sonora-parlamento-abierto-en-materia-de-desarrollo-rural","status":"publish","type":"post","link":"https:\/\/rnoticias.com.mx\/Portal\/2025\/08\/20\/realiza-congreso-de-sonora-parlamento-abierto-en-materia-de-desarrollo-rural\/","title":{"rendered":"Realiza Congreso de Sonora parlamento abierto en materia de desarrollo rural"},"content":{"rendered":"<p>Hermosillo, Sonora; 20 de agosto de 2025.- Con el prop\u00f3sito de escuchar y recopilar las voces de diversos sectores vinculados al campo sonorense, la Comisi\u00f3n de Fomento Agr\u00edcola y Ganadero del Congreso del Estado llev\u00f3 a cabo un ejercicio de parlamento abierto en torno a la propuesta de reforma a la Ley de Desarrollo Rural Sustentable.<\/p>\n<p>En la apertura de los trabajos, el diputado Jes\u00fas Tadeo Mend\u00edvil Valenzuela (Morena), presidente de la comisi\u00f3n, dio la bienvenida a las y los asistentes y subray\u00f3 la importancia de la participaci\u00f3n ciudadana en la construcci\u00f3n de un marco jur\u00eddico que se adapte a la realidad que enfrentan quienes dependen de las actividades primarias.<\/p>\n<p>El legislador explic\u00f3 que la iniciativa plantea la designaci\u00f3n de un representante del Poder Legislativo en la Comisi\u00f3n Intersecretarial para el Desarrollo Rural Sustentable, con el objetivo de contar con una voz activa en la elaboraci\u00f3n del Plan de Desarrollo Rural. De esta forma, dijo, se fortalecer\u00e1 la capacidad de respuesta ante los retos que enfrenta el sector, permitiendo atender de manera m\u00e1s directa las necesidades y propuestas de las y los productores.<\/p>\n<p>Asimismo, destac\u00f3 que contar con esta representaci\u00f3n no solo dar\u00e1 mayor pluralidad en la toma de decisiones, sino que tambi\u00e9n contribuir\u00e1 a establecer mecanismos de coordinaci\u00f3n m\u00e1s eficientes, generando mejores condiciones para impulsar el crecimiento econ\u00f3mico y social en las zonas rurales de Sonora.<\/p>\n<p>En este encuentro participaron productores agr\u00edcolas y ganaderos provenientes de distintas regiones del estado, quienes tuvieron la oportunidad de exponer de manera directa sus experiencias en el sector, as\u00ed como de manifestar las inquietudes que enfrentan en el desarrollo de sus actividades productivas.<\/p>\n<p>Estuvieron presentes: C\u00e9lida L\u00f3pez C\u00e1rdenas, secretaria de Agricultura, Ganader\u00eda, Recursos Hidr\u00e1ulicos, Pesca y Acuacultura (Sagarhpa); las diputadas Ana Gabriela Tapia Fonllem (PRD) e Iris S\u00e1nchez Chiu (PRI); y los diputados H\u00e9ctor Castelo Monta\u00f1o (Morena) y David Figueroa Ortega (PVEM).<\/p>\n<p>Tambi\u00e9n asistieron Alberto Morales Morales, en representaci\u00f3n de la Uni\u00f3n Ganadera Regional de Sonora (UGRS), y Sa\u00fal Delgado Escalante, en representaci\u00f3n de la Secretar\u00eda de Agricultura y Desarrollo Rural (Sader), entre otras personalidades.<\/p>\n","protected":false},"excerpt":{"rendered":"<p>Hermosillo, Sonora; 20 de agosto de 2025.- Con el prop\u00f3sito de escuchar y recopilar las voces de diversos sectores vinculados al campo sonorense, la Comisi\u00f3n de Fomento Agr\u00edcola y Ganadero del Congreso del Estado llev\u00f3 a cabo un ejercicio de parlamento abierto en torno a la propuesta de reforma a la Ley de Desarrollo Rural [&hellip;]<\/p>\n","protected":false},"author":2,"featured_media":227276,"comment_status":"closed","ping_status":"closed","sticky":false,"template":"","format":"standard","meta":{"footnotes":""},"categories":[12870,12868],"tags":[12865,12879],"class_list":["post-227275","post","type-post","status-publish","format-standard","has-post-thumbnail","hentry","category-destacadas","category-politica","tag-destacadas","tag-politica"],"jetpack_featured_media_url":"https:\/\/rnoticias.com.mx\/Portal\/wp-content\/uploads\/2025\/08\/02e102af-cb5a-4cf9-9738-3867fcb3b69f.jpg","amp_enabled":true,"_links":{"self":[{"href":"https:\/\/rnoticias.com.mx\/Portal\/wp-json\/wp\/v2\/posts\/227275","targetHints":{"allow":["GET"]}}],"collection":[{"href":"https:\/\/rnoticias.com.mx\/Portal\/wp-json\/wp\/v2\/posts"}],"about":[{"href":"https:\/\/rnoticias.com.mx\/Portal\/wp-json\/wp\/v2\/types\/post"}],"author":[{"embeddable":true,"href":"https:\/\/rnoticias.com.mx\/Portal\/wp-json\/wp\/v2\/users\/2"}],"replies":[{"embeddable":true,"href":"https:\/\/rnoticias.com.mx\/Portal\/wp-json\/wp\/v2\/comments?post=227275"}],"version-history":[{"count":1,"href":"https:\/\/rnoticias.com.mx\/Portal\/wp-json\/wp\/v2\/posts\/227275\/revisions"}],"predecessor-version":[{"id":227277,"href":"https:\/\/rnoticias.com.mx\/Portal\/wp-json\/wp\/v2\/posts\/227275\/revisions\/227277"}],"wp:featuredmedia":[{"embeddable":true,"href":"https:\/\/rnoticias.com.mx\/Portal\/wp-json\/wp\/v2\/media\/227276"}],"wp:attachment":[{"href":"https:\/\/rnoticias.com.mx\/Portal\/wp-json\/wp\/v2\/media?parent=227275"}],"wp:term":[{"taxonomy":"category","embeddable":true,"href":"https:\/\/rnoticias.com.mx\/Portal\/wp-json\/wp\/v2\/categories?post=227275"},{"taxonomy":"post_tag","embeddable":true,"href":"https:\/\/rnoticias.com.mx\/Portal\/wp-json\/wp\/v2\/tags?post=227275"}],"curies":[{"name":"wp","href":"https:\/\/api.w.org\/{rel}","templated":true}]}}