{"id":227260,"date":"2025-08-20T15:07:07","date_gmt":"2025-08-20T22:07:07","guid":{"rendered":"https:\/\/rnoticias.com.mx\/Portal\/?p=227260"},"modified":"2025-08-20T15:07:07","modified_gmt":"2025-08-20T22:07:07","slug":"operativo-coordinado-captura-en-san-luis-rio-colorado-a-profugo-de-la-justicia-estadounidense","status":"publish","type":"post","link":"https:\/\/rnoticias.com.mx\/Portal\/2025\/08\/20\/operativo-coordinado-captura-en-san-luis-rio-colorado-a-profugo-de-la-justicia-estadounidense\/","title":{"rendered":"Operativo coordinado captura en San Luis R\u00edo Colorado a pr\u00f3fugo de la justicia estadounidense"},"content":{"rendered":"<p>San Luis R\u00edo Colorado, Sonora, 20 de agosto de 2025.- La Fiscal\u00eda General de Justicia del Estado de Sonora (FGJES), a trav\u00e9s de la Agencia Ministerial de Investigaci\u00f3n Criminal (AMIC), en coordinaci\u00f3n con la Secretar\u00eda de la Defensa Nacional (DEFENSA) y en estrecha colaboraci\u00f3n con el Servicio de Alguaciles de Estados Unidos (US Marshals), logr\u00f3 la localizaci\u00f3n y aseguramiento de Ram\u00f3n Guillermo \u201cN\u201d, de 28 a\u00f1os, quien contaba con una orden de arresto vigente en ese Pa\u00eds por el delito de tr\u00e1fico de armas.<\/p>\n<p>El operativo se efectu\u00f3 el 18 de agosto de 2025 en San Luis R\u00edo Colorado, Sonora, luego de un intercambio de informaci\u00f3n entre autoridades mexicanas y estadounidenses, que permiti\u00f3 ubicar al pr\u00f3fugo y concretar su detenci\u00f3n en territorio nacional.<\/p>\n<p>La orden de arresto de Ram\u00f3n Guillermo \u201cN\u201d, originario de Yuma, Arizona, que motiv\u00f3 su aseguramiento fue emitida el 2 de mayo de 2025 en esa ciudad.<\/p>\n<p>El imputado fue entregado formalmente en la garita internacional al Instituto Nacional de Migraci\u00f3n (INM), quien a su vez lo puso a disposici\u00f3n de agentes de la Oficina de Aduanas y Protecci\u00f3n Fronteriza (CBP) y de US Marshals para la continuaci\u00f3n de su proceso legal en los Estados Unidos de Am\u00e9rica.<\/p>\n<p>La Fiscal\u00eda General de Justicia del Estado de Sonora (FGJES) reafirma su compromiso con la cooperaci\u00f3n internacional en materia de seguridad y justicia, fortaleciendo los mecanismos de coordinaci\u00f3n binacional para combatir delitos de alto impacto y garantizar que los responsables enfrenten las consecuencias legales correspondientes.<\/p>\n","protected":false},"excerpt":{"rendered":"<p>San Luis R\u00edo Colorado, Sonora, 20 de agosto de 2025.- La Fiscal\u00eda General de Justicia del Estado de Sonora (FGJES), a trav\u00e9s de la Agencia Ministerial de Investigaci\u00f3n Criminal (AMIC), en coordinaci\u00f3n con la Secretar\u00eda de la Defensa Nacional (DEFENSA) y en estrecha colaboraci\u00f3n con el Servicio de Alguaciles de Estados Unidos (US Marshals), logr\u00f3 [&hellip;]<\/p>\n","protected":false},"author":2,"featured_media":227261,"comment_status":"closed","ping_status":"closed","sticky":false,"template":"","format":"standard","meta":{"footnotes":""},"categories":[12870,174],"tags":[12865,12873],"class_list":["post-227260","post","type-post","status-publish","format-standard","has-post-thumbnail","hentry","category-destacadas","category-estatal","tag-destacadas","tag-estatal"],"jetpack_featured_media_url":"https:\/\/rnoticias.com.mx\/Portal\/wp-content\/uploads\/2025\/08\/dd88d713-3038-4379-8028-0862745f677a.jpg","amp_enabled":true,"_links":{"self":[{"href":"https:\/\/rnoticias.com.mx\/Portal\/wp-json\/wp\/v2\/posts\/227260","targetHints":{"allow":["GET"]}}],"collection":[{"href":"https:\/\/rnoticias.com.mx\/Portal\/wp-json\/wp\/v2\/posts"}],"about":[{"href":"https:\/\/rnoticias.com.mx\/Portal\/wp-json\/wp\/v2\/types\/post"}],"author":[{"embeddable":true,"href":"https:\/\/rnoticias.com.mx\/Portal\/wp-json\/wp\/v2\/users\/2"}],"replies":[{"embeddable":true,"href":"https:\/\/rnoticias.com.mx\/Portal\/wp-json\/wp\/v2\/comments?post=227260"}],"version-history":[{"count":1,"href":"https:\/\/rnoticias.com.mx\/Portal\/wp-json\/wp\/v2\/posts\/227260\/revisions"}],"predecessor-version":[{"id":227262,"href":"https:\/\/rnoticias.com.mx\/Portal\/wp-json\/wp\/v2\/posts\/227260\/revisions\/227262"}],"wp:featuredmedia":[{"embeddable":true,"href":"https:\/\/rnoticias.com.mx\/Portal\/wp-json\/wp\/v2\/media\/227261"}],"wp:attachment":[{"href":"https:\/\/rnoticias.com.mx\/Portal\/wp-json\/wp\/v2\/media?parent=227260"}],"wp:term":[{"taxonomy":"category","embeddable":true,"href":"https:\/\/rnoticias.com.mx\/Portal\/wp-json\/wp\/v2\/categories?post=227260"},{"taxonomy":"post_tag","embeddable":true,"href":"https:\/\/rnoticias.com.mx\/Portal\/wp-json\/wp\/v2\/tags?post=227260"}],"curies":[{"name":"wp","href":"https:\/\/api.w.org\/{rel}","templated":true}]}}