{"id":227257,"date":"2025-08-20T15:06:23","date_gmt":"2025-08-20T22:06:23","guid":{"rendered":"https:\/\/rnoticias.com.mx\/Portal\/?p=227257"},"modified":"2025-08-20T15:06:23","modified_gmt":"2025-08-20T22:06:23","slug":"vinculan-a-proceso-a-imputado-por-violencia-familiar-en-navojoa","status":"publish","type":"post","link":"https:\/\/rnoticias.com.mx\/Portal\/2025\/08\/20\/vinculan-a-proceso-a-imputado-por-violencia-familiar-en-navojoa\/","title":{"rendered":"Vinculan a proceso a imputado por violencia familiar en Navojoa"},"content":{"rendered":"<p>Navojoa, Sonora, 20 de agosto de 2025.- La Fiscal\u00eda General de Justicia del Estado de Sonora (FGJES) obtuvo la vinculaci\u00f3n a proceso de Jos\u00e9 Mario \u201cN\u201d, de 22 a\u00f1os, por su probable responsabilidad en el delito de violencia familiar en n\u00famero de dos, en concurso real de delitos, en perjuicio de su hermana Juliana Lizeth \u201cN\u201d, de 25 a\u00f1os, en Navojoa.<\/p>\n<p>El Juez dict\u00f3 la medida cautelar de prisi\u00f3n preventiva justificada y otorg\u00f3 un plazo de dos meses para el cierre de la investigaci\u00f3n complementaria, al ser presentado en audiencia luego de su captura por ejecuci\u00f3n de una orden de aprehensi\u00f3n por elementos de la Agencia Ministerial de Investigaci\u00f3n Criminal (AMIC)<\/p>\n<p>Los datos de prueba expuestos por el Agente del Ministerio P\u00fablico establecen que, el 3 de agosto de 2024, en un domicilio de la colonia Girasoles, en Navojoa, el imputado agredi\u00f3 f\u00edsica, verbal y psicol\u00f3gicamente a la v\u00edctima, utilizando la fuerza para someterla.<\/p>\n<p>En un momento de la agresi\u00f3n, intent\u00f3 atacarla con un machete, golpe\u00e1ndola en la frente con el lomo del arma; la intervenci\u00f3n del esposo de la afectada evit\u00f3 que el ataque escalara, sin que cesaran las amenazas del agresor contra la v\u00edctima y su familia.<\/p>\n<p>Ese mismo d\u00eda, horas m\u00e1s tarde, Jos\u00e9 Mario \u201cN\u201d volvi\u00f3 a presentarse en el mismo domicilio, donde profiri\u00f3 insultos y amenazas de nueva cuenta en contra de Juliana Lizeth \u201cN\u201d, generando un da\u00f1o emocional adicional.<\/p>\n<p>Con estos resultados, la Fiscal\u00eda General de Justicia del Estado de Sonora (FGJES) reitera su compromiso con la protecci\u00f3n de las v\u00edctimas de violencia familiar, garantizando la aplicaci\u00f3n de la ley y el acceso a la justicia en estricto apego a los derechos humanos y al debido proceso.<\/p>\n","protected":false},"excerpt":{"rendered":"<p>Navojoa, Sonora, 20 de agosto de 2025.- La Fiscal\u00eda General de Justicia del Estado de Sonora (FGJES) obtuvo la vinculaci\u00f3n a proceso de Jos\u00e9 Mario \u201cN\u201d, de 22 a\u00f1os, por su probable responsabilidad en el delito de violencia familiar en n\u00famero de dos, en concurso real de delitos, en perjuicio de su hermana Juliana Lizeth [&hellip;]<\/p>\n","protected":false},"author":2,"featured_media":227258,"comment_status":"closed","ping_status":"closed","sticky":false,"template":"","format":"standard","meta":{"footnotes":""},"categories":[174],"tags":[12873],"class_list":["post-227257","post","type-post","status-publish","format-standard","has-post-thumbnail","hentry","category-estatal","tag-estatal"],"jetpack_featured_media_url":"https:\/\/rnoticias.com.mx\/Portal\/wp-content\/uploads\/2025\/08\/efe19cc1-fd3d-449d-8775-53a9afafccd2.jpg","amp_enabled":true,"_links":{"self":[{"href":"https:\/\/rnoticias.com.mx\/Portal\/wp-json\/wp\/v2\/posts\/227257","targetHints":{"allow":["GET"]}}],"collection":[{"href":"https:\/\/rnoticias.com.mx\/Portal\/wp-json\/wp\/v2\/posts"}],"about":[{"href":"https:\/\/rnoticias.com.mx\/Portal\/wp-json\/wp\/v2\/types\/post"}],"author":[{"embeddable":true,"href":"https:\/\/rnoticias.com.mx\/Portal\/wp-json\/wp\/v2\/users\/2"}],"replies":[{"embeddable":true,"href":"https:\/\/rnoticias.com.mx\/Portal\/wp-json\/wp\/v2\/comments?post=227257"}],"version-history":[{"count":1,"href":"https:\/\/rnoticias.com.mx\/Portal\/wp-json\/wp\/v2\/posts\/227257\/revisions"}],"predecessor-version":[{"id":227259,"href":"https:\/\/rnoticias.com.mx\/Portal\/wp-json\/wp\/v2\/posts\/227257\/revisions\/227259"}],"wp:featuredmedia":[{"embeddable":true,"href":"https:\/\/rnoticias.com.mx\/Portal\/wp-json\/wp\/v2\/media\/227258"}],"wp:attachment":[{"href":"https:\/\/rnoticias.com.mx\/Portal\/wp-json\/wp\/v2\/media?parent=227257"}],"wp:term":[{"taxonomy":"category","embeddable":true,"href":"https:\/\/rnoticias.com.mx\/Portal\/wp-json\/wp\/v2\/categories?post=227257"},{"taxonomy":"post_tag","embeddable":true,"href":"https:\/\/rnoticias.com.mx\/Portal\/wp-json\/wp\/v2\/tags?post=227257"}],"curies":[{"name":"wp","href":"https:\/\/api.w.org\/{rel}","templated":true}]}}