{"id":227247,"date":"2025-08-20T13:42:29","date_gmt":"2025-08-20T20:42:29","guid":{"rendered":"https:\/\/rnoticias.com.mx\/Portal\/?p=227247"},"modified":"2025-08-20T13:42:29","modified_gmt":"2025-08-20T20:42:29","slug":"chavez-jr-promueve-amparo-por-privacion-de-libertad-e-incomunicacion","status":"publish","type":"post","link":"https:\/\/rnoticias.com.mx\/Portal\/2025\/08\/20\/chavez-jr-promueve-amparo-por-privacion-de-libertad-e-incomunicacion\/","title":{"rendered":"Ch\u00e1vez Jr promueve amparo por privaci\u00f3n de libertad e incomunicaci\u00f3n"},"content":{"rendered":"<p class=\"nota-justify\"><i>Hermosillo, Son.<\/i>\u00a0Un d\u00eda despu\u00e9s de haber sido deportado a M\u00e9xico y trasladado al penal de m\u00e1xima seguridad Cefereso n\u00famero 11 en Hermosillo, el boxeador Julio C\u00e9sar Ch\u00e1vez Carrasco, conocido como\u00a0<i>El Junior<\/i>, promovi\u00f3 un juicio de amparo en el que reclam\u00f3 privaci\u00f3n de libertad e incomunicaci\u00f3n en su contra por parte de las autoridades federales.<\/p>\n<p class=\"nota-justify\">En exclusiva para\u00a0<i>La Jornada<\/i>, seg\u00fan informaci\u00f3n del expediente 1546\/25 radicado en el Juzgado D\u00e9cimo Primero de Distrito en el estado de Sonora, la defensa legal del ex campe\u00f3n mundial present\u00f3 la tarde del martes la solicitud de amparo indirecto en un intento por frenar los efectos de su reclusi\u00f3n. El recurso busca proteger sus derechos en medio del proceso penal que enfrenta por delincuencia organizada y tr\u00e1fico de armas de fuego, municiones y explosivos.<\/p>\n<p class=\"nota-justify\">Con este amparo, la defensa de Ch\u00e1vez Jr. busca abrir una v\u00eda legal paralela mientras se desarrolla el proceso en su contra, que hasta ahora lo mantiene recluido bajo estrictas medidas de seguridad en el penal sonorense.<\/p>\n<p class=\"nota-justify\">Asimismo, la defensa del boxeador solicit\u00f3 la duplicidad del t\u00e9rmino, por lo que su situaci\u00f3n jur\u00eddica se determinar\u00e1 el pr\u00f3ximo s\u00e1bado.<\/p>\n<p>Durante la audiencia inicial de imputaci\u00f3n que se realiz\u00f3 en Hermosillo, Sonora comenz\u00f3 el 18 de agosto despu\u00e9s de las 20 horas y concluy\u00f3 a las 12:56 de la madrugada del 19 de agosto. Ah\u00ed el juez federal declar\u00f3 legal su detenci\u00f3n y le dict\u00f3 prisi\u00f3n preventiva. La segunda audiencia fue programada para el pr\u00f3ximo s\u00e1bado a las 17:00 horas, cuando se definir\u00e1 su situaci\u00f3n jur\u00eddica.<\/p>\n<p class=\"nota-justify\">Ch\u00e1vez Jr. fue deportado a M\u00e9xico el lunes 18 de agosto tras permanecer m\u00e1s de un mes bajo custodia de autoridades migratorias de Estados Unidos. El Departamento de Seguridad Nacional (DHS) lo catalog\u00f3 como inmigrante ilegal, \u201camenaza para la seguridad p\u00fablica\u201d y presunto integrante del\u00a0<i>C\u00e1rtel de Sinaloa<\/i>. Su detenci\u00f3n en territorio estadunidense se realiz\u00f3 el 2 de julio en Studio City, California, por agentes del Servicio de Inmigraci\u00f3n y Control de Aduanas (ICE), en cumplimiento a una orden de aprehensi\u00f3n girada en marzo de 2023 por un juez federal en M\u00e9xico.<\/p>\n<p class=\"nota-justify\">El Registro Nacional de Detenciones detall\u00f3 que el boxeador fue entregado a las autoridades mexicanas el 18 de agosto a las 11:53 horas en la garita Dennis DeConcini de Nogales, Sonora. Posteriormente fue trasladado por la Polic\u00eda Federal Ministerial a Hermosillo, donde qued\u00f3 bajo custodia de la Fiscal\u00eda General de la Rep\u00fablica (FGR) antes de ser internado en el Cefereso 11, considerado uno de los penales de mayor seguridad del pa\u00eds.<\/p>\n<p class=\"nota-justify\">El centro penitenciario, ubicado a unos 40 kil\u00f3metros al poniente de Hermosillo, ha alojado a capos y personajes de alto perfil como Rub\u00e9n Oseguera Gonz\u00e1lez, alias\u00a0<i>El Menchito<\/i>, hijo de Nemesio Oseguera Cervantes, l\u00edder del\u00a0<i>C\u00e1rtel Jalisco Nueva Generaci\u00f3n<\/i>, as\u00ed como al m\u00e9dico michoacano Jos\u00e9 Manuel Mireles Valverde, ex vocero de las autodefensas de Michoac\u00e1n.<\/p>\n<p>&nbsp;<\/p>\n<p>&nbsp;<\/p>\n<p>La Jornada<\/p>\n","protected":false},"excerpt":{"rendered":"<p>Hermosillo, Son.\u00a0Un d\u00eda despu\u00e9s de haber sido deportado a M\u00e9xico y trasladado al penal de m\u00e1xima seguridad Cefereso n\u00famero 11 en Hermosillo, el boxeador Julio C\u00e9sar Ch\u00e1vez Carrasco, conocido como\u00a0El Junior, promovi\u00f3 un juicio de amparo en el que reclam\u00f3 privaci\u00f3n de libertad e incomunicaci\u00f3n en su contra por parte de las autoridades federales. En [&hellip;]<\/p>\n","protected":false},"author":2,"featured_media":227248,"comment_status":"closed","ping_status":"closed","sticky":false,"template":"","format":"standard","meta":{"footnotes":""},"categories":[188,12870],"tags":[5231,12865],"class_list":["post-227247","post","type-post","status-publish","format-standard","has-post-thumbnail","hentry","category-deportes","category-destacadas","tag-deportes","tag-destacadas"],"jetpack_featured_media_url":"https:\/\/rnoticias.com.mx\/Portal\/wp-content\/uploads\/2025\/08\/julio-cesar-chavez-jr-1.webp","amp_enabled":true,"_links":{"self":[{"href":"https:\/\/rnoticias.com.mx\/Portal\/wp-json\/wp\/v2\/posts\/227247","targetHints":{"allow":["GET"]}}],"collection":[{"href":"https:\/\/rnoticias.com.mx\/Portal\/wp-json\/wp\/v2\/posts"}],"about":[{"href":"https:\/\/rnoticias.com.mx\/Portal\/wp-json\/wp\/v2\/types\/post"}],"author":[{"embeddable":true,"href":"https:\/\/rnoticias.com.mx\/Portal\/wp-json\/wp\/v2\/users\/2"}],"replies":[{"embeddable":true,"href":"https:\/\/rnoticias.com.mx\/Portal\/wp-json\/wp\/v2\/comments?post=227247"}],"version-history":[{"count":1,"href":"https:\/\/rnoticias.com.mx\/Portal\/wp-json\/wp\/v2\/posts\/227247\/revisions"}],"predecessor-version":[{"id":227249,"href":"https:\/\/rnoticias.com.mx\/Portal\/wp-json\/wp\/v2\/posts\/227247\/revisions\/227249"}],"wp:featuredmedia":[{"embeddable":true,"href":"https:\/\/rnoticias.com.mx\/Portal\/wp-json\/wp\/v2\/media\/227248"}],"wp:attachment":[{"href":"https:\/\/rnoticias.com.mx\/Portal\/wp-json\/wp\/v2\/media?parent=227247"}],"wp:term":[{"taxonomy":"category","embeddable":true,"href":"https:\/\/rnoticias.com.mx\/Portal\/wp-json\/wp\/v2\/categories?post=227247"},{"taxonomy":"post_tag","embeddable":true,"href":"https:\/\/rnoticias.com.mx\/Portal\/wp-json\/wp\/v2\/tags?post=227247"}],"curies":[{"name":"wp","href":"https:\/\/api.w.org\/{rel}","templated":true}]}}