{"id":227239,"date":"2025-08-19T21:57:45","date_gmt":"2025-08-20T04:57:45","guid":{"rendered":"https:\/\/rnoticias.com.mx\/Portal\/?p=227239"},"modified":"2025-08-19T21:58:08","modified_gmt":"2025-08-20T04:58:08","slug":"227239","status":"publish","type":"post","link":"https:\/\/rnoticias.com.mx\/Portal\/2025\/08\/19\/227239\/","title":{"rendered":"Argentina: con vigilia, exigen rechazar veto de Milei a Ley de Discapacidad"},"content":{"rendered":"<p class=\"nota-justify\"><i>Buenos Aires<\/i>. Bajo una lluvia tenaz, un grupo de discapacitados y varias familias que los acompa\u00f1an iniciaron la noche de este martes una \u201cvigilia con velas\u201d bajo carpas que desplegaron en la Plaza de Mayo, para reclamar el apoyo de los diputados que debatir\u00e1n este mi\u00e9rcoles una sentencia judicial contra el decreto de necesidad y urgencia del presidente, Javier Milei, quien vet\u00f3 la ley de emergencia de discapacidad, lo que dejar\u00eda en el abandono a millones de discapacitados, ante lo cual la justicia declar\u00f3 inv\u00e1lido el veto, entre otros argumentos, al considerar que \u201cel derecho de los ni\u00f1os con discapacidad prevalece ante cuestiones presupuestarias\u201d.<\/p>\n<p class=\"nota-justify\">Los familiares de dos ni\u00f1os con trastornos generalizados solicitaron el amparo ante un juzgado de la localidad de Campana porque el veto presidencial los dejaba sin tratamientos m\u00e9dicos al aducir el gobierno \u201cque no hay plata\u201d.<\/p>\n<p class=\"nota-justify\">El tribunal se\u00f1al\u00f3 que esta ley reparara un derecho lesionado por el ajuste en el \u00e1rea, y el veto provoca el deterioro progresivo de servicios y prestaciones a la salud, que afecta a personas en situaci\u00f3n de vulnerabilidad y demandan una protecci\u00f3n especial por parte del Estado, en cumplimiento de las obligaciones constitucionales e internacionales.<\/p>\n<p class=\"nota-justify\">La respuesta gubernamental de que \u201cno hay plata\u201d constituye \u201cun argumento falaz (\u2026) y sin ning\u00fan esfuerzo interpretativo puede advertir que la ley faculta al gobierno a efectuar las ampliaciones y modificaciones presupuestarias para asegurarse el financiamiento de las medidas de protecci\u00f3n y promoci\u00f3n de los derechos de las personas con discapacidad y de los prestadores\u201d,a\u00f1adi\u00f3 el juzgado.<\/p>\n<p class=\"nota-justify\">Distintas organizaciones marchar\u00e1n este mi\u00e9rcoles hacia el Congreso junto a la Asociaci\u00f3n de Trabajadores del Estado, los jubilados, a quienes se unir\u00e1n las familias que acampan, ya que el gobierno de Milei ha recurrido a la \u201ccompra de votos\u201d, y presionado a los diputados, especialmente de los sectores de la Uni\u00f3n C\u00edvica Radical afines al oficialismo y otros, tratando de impedir el rechazo a cuatro vetos entre ellos el de la ley de emergencia de discapacidad y tambi\u00e9n de jubilados.<\/p>\n<p class=\"nota-justify\">En plena campa\u00f1a electoral para las elecciones legislativas, Milei necesita que se mantengan los vetos, lo que significar\u00eda un frente menos de los que en estos momentos sacuden a su gobierno. La oposici\u00f3n adem\u00e1s de rechazar estos vetos, tambi\u00e9n lo har\u00e1 en reclamo a la ayuda econ\u00f3mica a Bah\u00eda Blanca, provincia afectada gravemente por inundaciones, cuya reconstrucci\u00f3n a\u00fan no ha podido terminarse por falta de fondos del gobierno nacional. A esto se a\u00f1ade la demanda de avanzar sin trabas oficiales en la investigaci\u00f3n sobe la mega estafa de la criptomoneda $Libra, que involucra al presidente, a su gabinete y el entorno m\u00e1s cercano, que es bloqueada por el Ejecutivo.<\/p>\n<p class=\"nota-justify\"><strong>Cierran proceso a Cristina Fern\u00e1ndez por la\u00a0<\/strong><i><strong>causa Vialidad<\/strong><\/i><\/p>\n<p class=\"nota-justify\">Por otra parte, el juez Marcelo Bruno Dos Santos firm\u00f3 la caducidad del proceso que demandaba el pago de una suma millonaria a la ex presidenta Cristina Fern\u00e1ndez de Kirchner por la causa de Vialidad elaborada sobre falsas pruebas, y dispone que la ex mandataria no pague al Estado un resarcimiento de 22 mil 300 millones de pesos (unos 17 mil d\u00f3lares) debido a que Vialidad Nacional no impuls\u00f3 en el plazo de seis meses el expediente iniciado en 2008 y por lo tanto ya no se puede exigir ese dinero.<\/p>\n<p class=\"nota-justify\">De inmediato, el gobierno anunci\u00f3 que apelar\u00e1 el fallo, fundado en la presentaci\u00f3n de los abogados de la defensa de Fern\u00e1ndez de Kirchner.<\/p>\n<p class=\"nota-justify\">Por otra parte, avanza la causa abierta por las m\u00e1s de 96 muertes que se atribuyen a los medicamentos de fentanilo adulterados por dos bacterias letales, que fueron repartidos por un laboratorio en diciembre de 2024 en diversos hospitales del pa\u00eds, que deber\u00edan haber sido inspeccionados por la Administraci\u00f3n de Medicamentos, Alimentos y Tecnolog\u00eda M\u00e9dica y que el gobierno de Milei est\u00e1 desmantelando con la decisi\u00f3n de destruir y desfinanciar a la mayor\u00eda de los organismos estatales.<\/p>\n<p>&nbsp;<\/p>\n<p>La Jornada<\/p>\n","protected":false},"excerpt":{"rendered":"<p>Buenos Aires. Bajo una lluvia tenaz, un grupo de discapacitados y varias familias que los acompa\u00f1an iniciaron la noche de este martes una \u201cvigilia con velas\u201d bajo carpas que desplegaron en la Plaza de Mayo, para reclamar el apoyo de los diputados que debatir\u00e1n este mi\u00e9rcoles una sentencia judicial contra el decreto de necesidad y [&hellip;]<\/p>\n","protected":false},"author":2,"featured_media":227240,"comment_status":"closed","ping_status":"closed","sticky":false,"template":"","format":"standard","meta":{"footnotes":""},"categories":[12870,182],"tags":[12865,12871],"class_list":["post-227239","post","type-post","status-publish","format-standard","has-post-thumbnail","hentry","category-destacadas","category-internacional","tag-destacadas","tag-internacional"],"jetpack_featured_media_url":"https:\/\/rnoticias.com.mx\/Portal\/wp-content\/uploads\/2025\/08\/2001.webp","amp_enabled":true,"_links":{"self":[{"href":"https:\/\/rnoticias.com.mx\/Portal\/wp-json\/wp\/v2\/posts\/227239","targetHints":{"allow":["GET"]}}],"collection":[{"href":"https:\/\/rnoticias.com.mx\/Portal\/wp-json\/wp\/v2\/posts"}],"about":[{"href":"https:\/\/rnoticias.com.mx\/Portal\/wp-json\/wp\/v2\/types\/post"}],"author":[{"embeddable":true,"href":"https:\/\/rnoticias.com.mx\/Portal\/wp-json\/wp\/v2\/users\/2"}],"replies":[{"embeddable":true,"href":"https:\/\/rnoticias.com.mx\/Portal\/wp-json\/wp\/v2\/comments?post=227239"}],"version-history":[{"count":2,"href":"https:\/\/rnoticias.com.mx\/Portal\/wp-json\/wp\/v2\/posts\/227239\/revisions"}],"predecessor-version":[{"id":227242,"href":"https:\/\/rnoticias.com.mx\/Portal\/wp-json\/wp\/v2\/posts\/227239\/revisions\/227242"}],"wp:featuredmedia":[{"embeddable":true,"href":"https:\/\/rnoticias.com.mx\/Portal\/wp-json\/wp\/v2\/media\/227240"}],"wp:attachment":[{"href":"https:\/\/rnoticias.com.mx\/Portal\/wp-json\/wp\/v2\/media?parent=227239"}],"wp:term":[{"taxonomy":"category","embeddable":true,"href":"https:\/\/rnoticias.com.mx\/Portal\/wp-json\/wp\/v2\/categories?post=227239"},{"taxonomy":"post_tag","embeddable":true,"href":"https:\/\/rnoticias.com.mx\/Portal\/wp-json\/wp\/v2\/tags?post=227239"}],"curies":[{"name":"wp","href":"https:\/\/api.w.org\/{rel}","templated":true}]}}