{"id":227233,"date":"2025-08-19T21:20:16","date_gmt":"2025-08-20T04:20:16","guid":{"rendered":"https:\/\/rnoticias.com.mx\/Portal\/?p=227233"},"modified":"2025-08-19T21:20:16","modified_gmt":"2025-08-20T04:20:16","slug":"prepara-gobierno-de-sonora-primer-foro-internacional-de-diversificacion-productiva-en-cajeme","status":"publish","type":"post","link":"https:\/\/rnoticias.com.mx\/Portal\/2025\/08\/19\/prepara-gobierno-de-sonora-primer-foro-internacional-de-diversificacion-productiva-en-cajeme\/","title":{"rendered":"Prepara Gobierno de Sonora Primer Foro Internacional de Diversificaci\u00f3n Productiva en Cajeme"},"content":{"rendered":"<p>Hermosillo, Sonora; 19 de agosto de 2025.- Para impulsar la reconversi\u00f3n agr\u00edcola, la innovaci\u00f3n tecnol\u00f3gica y la diversificaci\u00f3n productiva como ejes estrat\u00e9gicos frente a los retos del cambio clim\u00e1tico, el Gobierno de Sonora, que encabeza Alfonso Durazo, llevar\u00e1 a cabo el Primer Foro Internacional de Diversificaci\u00f3n Productiva en Cajeme.<\/p>\n<p>Esta estrategia forma parte del compromiso del Gobierno de Sonora de fortalecer la competitividad del sector agropecuario mediante la promoci\u00f3n del intercambio de experiencias, conocimientos y modelos exitosos que generen oportunidades comerciales en mercados regionales, nacionales e internacionales.<\/p>\n<p>La secretaria de Agricultura, Ganader\u00eda, Recursos Hidr\u00e1ulicos, Pesca y Acuacultura (Sagarhpa), Celida L\u00f3pez C\u00e1rdenas, inform\u00f3 que el evento se realizar\u00e1 los d\u00edas 28 y 29 de agosto en el Centro Magno de Cajeme, con la participaci\u00f3n de especialistas nacionales e internacionales en materia agr\u00edcola, sustentabilidad y desarrollo rural.<\/p>\n<p>Explic\u00f3 que, a trav\u00e9s de conferencias y paneles, se abordar\u00e1n temas como agricultura en zonas \u00e1ridas, sistemas agroalimentarios sostenibles, uso eficiente del agua, nuevas tecnolog\u00edas, comercializaci\u00f3n y experiencias exitosas en la producci\u00f3n de cultivos alternativos como oleaginosas, nopal forrajero y aguacate.<\/p>\n<p>Entre los ponentes destacan: Lic. Amadeo Ibarra (Aniame), Dr. Enrique Troyo (Cibnor), Dr. Simon Fonteyne (Cimmyt), Dr. Santiago de Jes\u00fas M\u00e9ndez Gallegos; as\u00ed como los doctores Fidencio Cruz Bautista, Camilo Posse Vel\u00e1squez, el Ing. Mariano G\u00f3mez, el Mtro. Rafael Castillo y el Dr. Sergio de los Santos Villalobos del ITSON, entre otros.<\/p>\n<p>Este foro, dijo, busca fomentar la adopci\u00f3n de tecnolog\u00edas sostenibles, ampliar la variedad de cultivos y optimizar el uso de los recursos naturales, fortaleciendo la resiliencia del sector agropecuario ante condiciones clim\u00e1ticas adversas.<\/p>\n<p>Con la suma de productores, investigadores, acad\u00e9micos y autoridades, el Gobierno de Sonora refrenda su compromiso con un campo m\u00e1s productivo.<\/p>\n","protected":false},"excerpt":{"rendered":"<p>Hermosillo, Sonora; 19 de agosto de 2025.- Para impulsar la reconversi\u00f3n agr\u00edcola, la innovaci\u00f3n tecnol\u00f3gica y la diversificaci\u00f3n productiva como ejes estrat\u00e9gicos frente a los retos del cambio clim\u00e1tico, el Gobierno de Sonora, que encabeza Alfonso Durazo, llevar\u00e1 a cabo el Primer Foro Internacional de Diversificaci\u00f3n Productiva en Cajeme. Esta estrategia forma parte del compromiso [&hellip;]<\/p>\n","protected":false},"author":2,"featured_media":227234,"comment_status":"closed","ping_status":"closed","sticky":false,"template":"","format":"standard","meta":{"footnotes":""},"categories":[174],"tags":[12873],"class_list":["post-227233","post","type-post","status-publish","format-standard","has-post-thumbnail","hentry","category-estatal","tag-estatal"],"jetpack_featured_media_url":"https:\/\/rnoticias.com.mx\/Portal\/wp-content\/uploads\/2025\/08\/unnamed-3-6.jpg","amp_enabled":true,"_links":{"self":[{"href":"https:\/\/rnoticias.com.mx\/Portal\/wp-json\/wp\/v2\/posts\/227233","targetHints":{"allow":["GET"]}}],"collection":[{"href":"https:\/\/rnoticias.com.mx\/Portal\/wp-json\/wp\/v2\/posts"}],"about":[{"href":"https:\/\/rnoticias.com.mx\/Portal\/wp-json\/wp\/v2\/types\/post"}],"author":[{"embeddable":true,"href":"https:\/\/rnoticias.com.mx\/Portal\/wp-json\/wp\/v2\/users\/2"}],"replies":[{"embeddable":true,"href":"https:\/\/rnoticias.com.mx\/Portal\/wp-json\/wp\/v2\/comments?post=227233"}],"version-history":[{"count":1,"href":"https:\/\/rnoticias.com.mx\/Portal\/wp-json\/wp\/v2\/posts\/227233\/revisions"}],"predecessor-version":[{"id":227235,"href":"https:\/\/rnoticias.com.mx\/Portal\/wp-json\/wp\/v2\/posts\/227233\/revisions\/227235"}],"wp:featuredmedia":[{"embeddable":true,"href":"https:\/\/rnoticias.com.mx\/Portal\/wp-json\/wp\/v2\/media\/227234"}],"wp:attachment":[{"href":"https:\/\/rnoticias.com.mx\/Portal\/wp-json\/wp\/v2\/media?parent=227233"}],"wp:term":[{"taxonomy":"category","embeddable":true,"href":"https:\/\/rnoticias.com.mx\/Portal\/wp-json\/wp\/v2\/categories?post=227233"},{"taxonomy":"post_tag","embeddable":true,"href":"https:\/\/rnoticias.com.mx\/Portal\/wp-json\/wp\/v2\/tags?post=227233"}],"curies":[{"name":"wp","href":"https:\/\/api.w.org\/{rel}","templated":true}]}}