{"id":227221,"date":"2025-08-19T21:13:53","date_gmt":"2025-08-20T04:13:53","guid":{"rendered":"https:\/\/rnoticias.com.mx\/Portal\/?p=227221"},"modified":"2025-08-19T21:13:53","modified_gmt":"2025-08-20T04:13:53","slug":"jugador-lassana-diarra-demanda-a-fifa-por-65-millones-de-euros","status":"publish","type":"post","link":"https:\/\/rnoticias.com.mx\/Portal\/2025\/08\/19\/jugador-lassana-diarra-demanda-a-fifa-por-65-millones-de-euros\/","title":{"rendered":"Jugador Lassana Diarra demanda a FIFA por 65 millones de euros"},"content":{"rendered":"<p class=\"nota-justify\"><i>Ginebra.\u00a0<\/i>Los abogados de Lassana Diarra dijeron hoy\u00a0 que el ex internacional franc\u00e9s reclama 65 millones de euros (76 millones de d\u00f3lares) a la FIFA y a la federaci\u00f3n de futbol belga tras una hist\u00f3rica victoria legal sobre las reglas de transferencia.<\/p>\n<p class=\"nota-justify\">La demanda de Diarra a la FIFA, un proceso que tom\u00f3 una d\u00e9cada despu\u00e9s de romper con su antiguo club Lokomotiv Mosc\u00fa, llev\u00f3 a un fallo en el Tribunal de Justicia de la Uni\u00f3n Europea el pasado octubre. El tribunal determin\u00f3 que algunos aspectos de las reglas de transferencia del futbol no cumplen con las leyes laborales y de competencia de la Uni\u00f3n Europea de 27 naciones.<\/p>\n<p class=\"nota-justify\">Los abogados de Diarra, ex centrocampista de 40 a\u00f1os que lleg\u00f3 a jugar con Chelsea, Arsenal y Real Madrid, citaron \u201cnegociaciones de conciliaci\u00f3n infructuosas con la FIFA\u201d para el reclamo financiero por da\u00f1os a lo largo de su carrera.<\/p>\n<p class=\"nota-justify\">\u201cLassana Diarra est\u00e1 reclamando 65 millones de euros brutos (35 millones de euros netos) en compensaci\u00f3n a la FIFA y a la Asociaci\u00f3n de F\u00fatbol Belga\u201d, dijo el bufete de abogados Dupont Hissel.<\/p>\n<p class=\"nota-justify\">La FIFA dijo que no comentar\u00eda sobre &#8220;asuntos legales en curso&#8221;, el \u00faltimo desaf\u00edo legal de alto riesgo para su autoridad.<\/p>\n<p class=\"nota-justify\">El organismo rector del futbol dijo en un comunicado que \u201cha estado trabajando con sus partes interesadas para enmendar sus regulaciones siguiendo la orientaci\u00f3n ofrecida por el TJUE\u201d.<\/p>\n<p class=\"nota-justify\">El caso de Diarra, que est\u00e1 de nuevo en los tribunales en B\u00e9lgica, cuenta con el apoyo del sindicato global de jugadores FIFPRO, su divisi\u00f3n europea y su sindicato nacional miembro en Francia.<\/p>\n<p class=\"nota-justify\">El caso legal comenz\u00f3 en el pa\u00eds de origen de Charleroi, el club belga que quer\u00eda fichar a Diarra despu\u00e9s de que su contrato en Mosc\u00fa fuera rescindido.<\/p>\n<p class=\"nota-justify\">Las reglas de transferencia de la FIFA en ese momento hac\u00edan al jugador y al club potencialmente firmante responsables de pagar al club anterior cuando se dictaminaba que un contrato hab\u00eda sido roto sin \u201ccausa justificada\u201d. El Tribunal de Arbitraje Deportivo confirm\u00f3 el fallo de la FIFA a favor de Lokomotiv.<\/p>\n<p class=\"nota-justify\">El caso fue enviado al tribunal europeo en Luxemburgo, que dijo que algunos aspectos de las reglas de la FIFA \u201cobstaculizan la libre circulaci\u00f3n de jugadores y la competencia entre clubes\u201d.<\/p>\n<p class=\"nota-justify\">La disputa de Diarra con Lokomotiv y la FIFA lo oblig\u00f3 a perderse la temporada 2014-15. Luego firm\u00f3 con el Marsella y termin\u00f3 su carrera en el Paris Saint-Germain hace seis a\u00f1os.<\/p>\n<p class=\"nota-justify\">\u201cEstoy haciendo esto por m\u00ed mismo. Y si he podido resistir contra la aplanadora de la FIFA, es porque tuve una buena carrera\u201d, afirm\u00f3 Diarra en un comunicado publicado el lunes por sus abogados.<\/p>\n<p class=\"nota-justify\">\u201cPero tambi\u00e9n lo he hecho por todos los jugadores emergentes, menos conocidos, que no tienen los medios financieros y psicol\u00f3gicos para desafiar a la FIFA ante jueces reales\u201d, expres\u00f3.<\/p>\n<p class=\"nota-justify\">Los abogados de Diarra tambi\u00e9n trabaja en una demanda colectiva presentada este mes contra la FIFA y algunas federaciones nacionales de f\u00fatbol en Europa, que podr\u00eda beneficiar a 100 mil\u00a0 jugadores durante m\u00e1s de dos d\u00e9cadas.<\/p>\n<p>&nbsp;<\/p>\n<p>La Jornada<\/p>\n","protected":false},"excerpt":{"rendered":"<p>Ginebra.\u00a0Los abogados de Lassana Diarra dijeron hoy\u00a0 que el ex internacional franc\u00e9s reclama 65 millones de euros (76 millones de d\u00f3lares) a la FIFA y a la federaci\u00f3n de futbol belga tras una hist\u00f3rica victoria legal sobre las reglas de transferencia. La demanda de Diarra a la FIFA, un proceso que tom\u00f3 una d\u00e9cada despu\u00e9s [&hellip;]<\/p>\n","protected":false},"author":2,"featured_media":227222,"comment_status":"closed","ping_status":"closed","sticky":false,"template":"","format":"standard","meta":{"footnotes":""},"categories":[188,12870],"tags":[5231,12865],"class_list":["post-227221","post","type-post","status-publish","format-standard","has-post-thumbnail","hentry","category-deportes","category-destacadas","tag-deportes","tag-destacadas"],"jetpack_featured_media_url":"https:\/\/rnoticias.com.mx\/Portal\/wp-content\/uploads\/2025\/08\/diarra_psg.webp","amp_enabled":true,"_links":{"self":[{"href":"https:\/\/rnoticias.com.mx\/Portal\/wp-json\/wp\/v2\/posts\/227221","targetHints":{"allow":["GET"]}}],"collection":[{"href":"https:\/\/rnoticias.com.mx\/Portal\/wp-json\/wp\/v2\/posts"}],"about":[{"href":"https:\/\/rnoticias.com.mx\/Portal\/wp-json\/wp\/v2\/types\/post"}],"author":[{"embeddable":true,"href":"https:\/\/rnoticias.com.mx\/Portal\/wp-json\/wp\/v2\/users\/2"}],"replies":[{"embeddable":true,"href":"https:\/\/rnoticias.com.mx\/Portal\/wp-json\/wp\/v2\/comments?post=227221"}],"version-history":[{"count":1,"href":"https:\/\/rnoticias.com.mx\/Portal\/wp-json\/wp\/v2\/posts\/227221\/revisions"}],"predecessor-version":[{"id":227223,"href":"https:\/\/rnoticias.com.mx\/Portal\/wp-json\/wp\/v2\/posts\/227221\/revisions\/227223"}],"wp:featuredmedia":[{"embeddable":true,"href":"https:\/\/rnoticias.com.mx\/Portal\/wp-json\/wp\/v2\/media\/227222"}],"wp:attachment":[{"href":"https:\/\/rnoticias.com.mx\/Portal\/wp-json\/wp\/v2\/media?parent=227221"}],"wp:term":[{"taxonomy":"category","embeddable":true,"href":"https:\/\/rnoticias.com.mx\/Portal\/wp-json\/wp\/v2\/categories?post=227221"},{"taxonomy":"post_tag","embeddable":true,"href":"https:\/\/rnoticias.com.mx\/Portal\/wp-json\/wp\/v2\/tags?post=227221"}],"curies":[{"name":"wp","href":"https:\/\/api.w.org\/{rel}","templated":true}]}}