{"id":227191,"date":"2025-08-19T20:49:59","date_gmt":"2025-08-20T03:49:59","guid":{"rendered":"https:\/\/rnoticias.com.mx\/Portal\/?p=227191"},"modified":"2025-08-19T20:49:59","modified_gmt":"2025-08-20T03:49:59","slug":"palestina-participara-por-primera-vez-en-miss-universo-2025","status":"publish","type":"post","link":"https:\/\/rnoticias.com.mx\/Portal\/2025\/08\/19\/palestina-participara-por-primera-vez-en-miss-universo-2025\/","title":{"rendered":"Palestina participar\u00e1 por primera vez en Miss Universo 2025"},"content":{"rendered":"<p>La Organizaci\u00f3n\u00a0<strong>Miss Universo<\/strong>\u00a0anunci\u00f3 que\u00a0<strong>Nadeen Ayoub<\/strong>\u00a0ser\u00e1 la mujer que represente por primera vez a\u00a0<strong>Palestina<\/strong>\u00a0en Miss Universo 2025, que se llevar\u00e1 a cabo en noviembre.<\/p>\n<p>En un comunicado, Miss Universo se\u00f1ala que \u201cejecutivos del concurso dieron la bienvenida a las delegadas de todo el mundo, celebrando la diversidad, el intercambio cultural y el empoderamiento de las mujeres\u201d. Con respecto a Ayoub, mencion\u00f3 que \u201ces una destacada\u00a0<strong>defensora y modelo palestina<\/strong>, encarna la resiliencia y la determinaci\u00f3n que definen nuestra plataforma\u201d.<\/p>\n<p>Ayoub se unir\u00e1 a competidoras de m\u00e1s de 130 pa\u00edses en la edici\u00f3n 74 de Miss Universo, que se celebrar\u00e1 el 21 de noviembre en Bangkok,\u00a0<strong>Tailandia<\/strong>, inform\u00f3 la cadena CNN. Nadeen Ayoub, de 27 a\u00f1os, fue coronada\u00a0<strong>Miss Palestina en 2022<\/strong>, seg\u00fan el medio de comunicaci\u00f3n The National.<\/p>\n<p>En una publicaci\u00f3n en\u00a0<strong>Instagram<\/strong>, Ayoub expres\u00f3 su deseo de ser la voz del pueblo palestino. \u201cMientras Palestina sufre la angustia, especialmente en Gaza, llevo la voz de un pueblo que se niega a ser silenciado. Represento a cada mujer y ni\u00f1o palestino cuya fuerza el mundo necesita ver\u201d, dijo. La decisi\u00f3n de incluir a Palestina en el concurso de belleza se produce en medio de la\u00a0<strong>guerra<\/strong>\u00a0en Gaza.<\/p>\n<blockquote class=\"instagram-media\" data-instgrm-captioned=\"\" data-instgrm-permalink=\"https:\/\/www.instagram.com\/reel\/DNSsoXtMnGf\/?utm_source=ig_embed&amp;utm_campaign=loading\" data-instgrm-version=\"14\">\n<div>\n<div>\n<div><\/div>\n<\/div>\n<\/div>\n<\/blockquote>\n<p>&nbsp;<\/p>\n<p>Fuente: EL Universal<\/p>\n","protected":false},"excerpt":{"rendered":"<p>La Organizaci\u00f3n\u00a0Miss Universo\u00a0anunci\u00f3 que\u00a0Nadeen Ayoub\u00a0ser\u00e1 la mujer que represente por primera vez a\u00a0Palestina\u00a0en Miss Universo 2025, que se llevar\u00e1 a cabo en noviembre. En un comunicado, Miss Universo se\u00f1ala que \u201cejecutivos del concurso dieron la bienvenida a las delegadas de todo el mundo, celebrando la diversidad, el intercambio cultural y el empoderamiento de las mujeres\u201d. [&hellip;]<\/p>\n","protected":false},"author":2,"featured_media":227192,"comment_status":"closed","ping_status":"closed","sticky":false,"template":"","format":"standard","meta":{"footnotes":""},"categories":[12870,219],"tags":[12865,12875],"class_list":["post-227191","post","type-post","status-publish","format-standard","has-post-thumbnail","hentry","category-destacadas","category-espectaculos","tag-destacadas","tag-espectaculos"],"jetpack_featured_media_url":"https:\/\/rnoticias.com.mx\/Portal\/wp-content\/uploads\/2025\/08\/miss-palestina-participara-en-miss-universo-por-primera-vez-nadeen-ayoub.jpg","amp_enabled":true,"_links":{"self":[{"href":"https:\/\/rnoticias.com.mx\/Portal\/wp-json\/wp\/v2\/posts\/227191","targetHints":{"allow":["GET"]}}],"collection":[{"href":"https:\/\/rnoticias.com.mx\/Portal\/wp-json\/wp\/v2\/posts"}],"about":[{"href":"https:\/\/rnoticias.com.mx\/Portal\/wp-json\/wp\/v2\/types\/post"}],"author":[{"embeddable":true,"href":"https:\/\/rnoticias.com.mx\/Portal\/wp-json\/wp\/v2\/users\/2"}],"replies":[{"embeddable":true,"href":"https:\/\/rnoticias.com.mx\/Portal\/wp-json\/wp\/v2\/comments?post=227191"}],"version-history":[{"count":1,"href":"https:\/\/rnoticias.com.mx\/Portal\/wp-json\/wp\/v2\/posts\/227191\/revisions"}],"predecessor-version":[{"id":227193,"href":"https:\/\/rnoticias.com.mx\/Portal\/wp-json\/wp\/v2\/posts\/227191\/revisions\/227193"}],"wp:featuredmedia":[{"embeddable":true,"href":"https:\/\/rnoticias.com.mx\/Portal\/wp-json\/wp\/v2\/media\/227192"}],"wp:attachment":[{"href":"https:\/\/rnoticias.com.mx\/Portal\/wp-json\/wp\/v2\/media?parent=227191"}],"wp:term":[{"taxonomy":"category","embeddable":true,"href":"https:\/\/rnoticias.com.mx\/Portal\/wp-json\/wp\/v2\/categories?post=227191"},{"taxonomy":"post_tag","embeddable":true,"href":"https:\/\/rnoticias.com.mx\/Portal\/wp-json\/wp\/v2\/tags?post=227191"}],"curies":[{"name":"wp","href":"https:\/\/api.w.org\/{rel}","templated":true}]}}