{"id":227182,"date":"2025-08-19T20:45:08","date_gmt":"2025-08-20T03:45:08","guid":{"rendered":"https:\/\/rnoticias.com.mx\/Portal\/?p=227182"},"modified":"2025-08-19T20:45:08","modified_gmt":"2025-08-20T03:45:08","slug":"embajador-de-ee-uu-revela-primera-foto-de-julio-cesar-n-tras-su-deportacion-a-mexico","status":"publish","type":"post","link":"https:\/\/rnoticias.com.mx\/Portal\/2025\/08\/19\/embajador-de-ee-uu-revela-primera-foto-de-julio-cesar-n-tras-su-deportacion-a-mexico\/","title":{"rendered":"Embajador de EE.UU. revela primera foto de Julio C\u00e9sar &#8216;N&#8217; tras su deportaci\u00f3n a M\u00e9xico"},"content":{"rendered":"<p><strong>Ronald Johnson,<\/strong>\u00a0embajador de Estados Unidos en M\u00e9xico, subray\u00f3 que la deportaci\u00f3n de\u00a0<strong>Julio C\u00e9sar Ch\u00e1vez Jr., a petici\u00f3n de nuestro pa\u00eds, es parte de la cooperaci\u00f3n en materia de seguridad entre ambas naciones.<\/strong><\/p>\n<p>En su cuenta de X, escribi\u00f3:\u00a0<strong>&#8220;Esta acci\u00f3n refleja la s\u00f3lida cooperaci\u00f3n entre nuestros gobiernos, demostrando que la colaboraci\u00f3n ofrece resultados y fortalece la seguridad de ambas naciones&#8221;.<\/strong><\/p>\n<p>Durante el mes de julio,\u00a0<strong>Ch\u00e1vez Jr. fue detenido en California por estar en suelo estadounidense con una visa vencida.<\/strong><\/p>\n<p>A trav\u00e9s de un comunicado, el Departamento de Seguridad Nacional (DHS, por sus siglas en ingl\u00e9s)\u00a0<strong>inform\u00f3 que el hijo del exboxeador Julio C\u00e9sar Ch\u00e1vez tiene v\u00ednculos con el crimen organizado y el tr\u00e1fico de armas, particularmente con el cartel de Sinaloa.<\/strong><\/p>\n<p>M\u00e1s tarde, la Fiscal\u00eda General de la Rep\u00fablica (FGR) se\u00f1al\u00f3 que existe una orden de aprehensi\u00f3n contra Ch\u00e1vez Jr. desde 2023 por delincuencia organizada.<\/p>\n<p>Igualmente se revel\u00f3 que el tambi\u00e9n boxeador\u00a0<strong>ya se encuentra en suelo mexicano, retenido en una prisi\u00f3n de Hermosillo, Sonora, para enfrentar los cargos por los que lo acusa la FGR.<\/strong><\/p>\n<p>&nbsp;<\/p>\n<p>Fuente: Latinus<\/p>\n","protected":false},"excerpt":{"rendered":"<p>Ronald Johnson,\u00a0embajador de Estados Unidos en M\u00e9xico, subray\u00f3 que la deportaci\u00f3n de\u00a0Julio C\u00e9sar Ch\u00e1vez Jr., a petici\u00f3n de nuestro pa\u00eds, es parte de la cooperaci\u00f3n en materia de seguridad entre ambas naciones. En su cuenta de X, escribi\u00f3:\u00a0&#8220;Esta acci\u00f3n refleja la s\u00f3lida cooperaci\u00f3n entre nuestros gobiernos, demostrando que la colaboraci\u00f3n ofrece resultados y fortalece la [&hellip;]<\/p>\n","protected":false},"author":2,"featured_media":227183,"comment_status":"closed","ping_status":"closed","sticky":false,"template":"","format":"standard","meta":{"footnotes":""},"categories":[12870,172],"tags":[12865,12874],"class_list":["post-227182","post","type-post","status-publish","format-standard","has-post-thumbnail","hentry","category-destacadas","category-nacional","tag-destacadas","tag-nacional"],"jetpack_featured_media_url":"https:\/\/rnoticias.com.mx\/Portal\/wp-content\/uploads\/2025\/08\/268580xeva20250819200532.webp","amp_enabled":true,"_links":{"self":[{"href":"https:\/\/rnoticias.com.mx\/Portal\/wp-json\/wp\/v2\/posts\/227182","targetHints":{"allow":["GET"]}}],"collection":[{"href":"https:\/\/rnoticias.com.mx\/Portal\/wp-json\/wp\/v2\/posts"}],"about":[{"href":"https:\/\/rnoticias.com.mx\/Portal\/wp-json\/wp\/v2\/types\/post"}],"author":[{"embeddable":true,"href":"https:\/\/rnoticias.com.mx\/Portal\/wp-json\/wp\/v2\/users\/2"}],"replies":[{"embeddable":true,"href":"https:\/\/rnoticias.com.mx\/Portal\/wp-json\/wp\/v2\/comments?post=227182"}],"version-history":[{"count":1,"href":"https:\/\/rnoticias.com.mx\/Portal\/wp-json\/wp\/v2\/posts\/227182\/revisions"}],"predecessor-version":[{"id":227184,"href":"https:\/\/rnoticias.com.mx\/Portal\/wp-json\/wp\/v2\/posts\/227182\/revisions\/227184"}],"wp:featuredmedia":[{"embeddable":true,"href":"https:\/\/rnoticias.com.mx\/Portal\/wp-json\/wp\/v2\/media\/227183"}],"wp:attachment":[{"href":"https:\/\/rnoticias.com.mx\/Portal\/wp-json\/wp\/v2\/media?parent=227182"}],"wp:term":[{"taxonomy":"category","embeddable":true,"href":"https:\/\/rnoticias.com.mx\/Portal\/wp-json\/wp\/v2\/categories?post=227182"},{"taxonomy":"post_tag","embeddable":true,"href":"https:\/\/rnoticias.com.mx\/Portal\/wp-json\/wp\/v2\/tags?post=227182"}],"curies":[{"name":"wp","href":"https:\/\/api.w.org\/{rel}","templated":true}]}}