{"id":227176,"date":"2025-08-19T20:42:41","date_gmt":"2025-08-20T03:42:41","guid":{"rendered":"https:\/\/rnoticias.com.mx\/Portal\/?p=227176"},"modified":"2025-08-19T20:42:41","modified_gmt":"2025-08-20T03:42:41","slug":"gobernador-durazo-cumple-demanda-historica-de-isssteson-con-nuevas-ambulancias-y-relanzamiento-de-medico-en-casa","status":"publish","type":"post","link":"https:\/\/rnoticias.com.mx\/Portal\/2025\/08\/19\/gobernador-durazo-cumple-demanda-historica-de-isssteson-con-nuevas-ambulancias-y-relanzamiento-de-medico-en-casa\/","title":{"rendered":"Gobernador Durazo cumple demanda hist\u00f3rica de Isssteson con nuevas ambulancias y relanzamiento de \u201cM\u00e9dico en Casa\u201d"},"content":{"rendered":"<p>Hermosillo, Sonora; 19 de agosto de 2025.- Con el firme compromiso de garantizar atenci\u00f3n m\u00e9dica oportuna y de calidad a las y los sonorenses, y dar soluci\u00f3n a una demanda hist\u00f3rica del personal de salud, el gobernador Alfonso Durazo Monta\u00f1o encabez\u00f3 la entrega de dos ambulancias de cuidados intensivos y una de cuidados intermedios, as\u00ed como el relanzamiento del programa \u201cM\u00e9dico en Casa\u201d del Instituto de Seguridad y Servicios Sociales de los Trabajadores del Estado de Sonora (Isssteson).<\/p>\n<p>Durante el evento, el mandatario estatal subray\u00f3 que estas acciones representan un avance significativo en el fortalecimiento del sistema de salud p\u00fablica, al mejorar la capacidad de respuesta ante emergencias y llevar atenci\u00f3n m\u00e9dica hasta los hogares de quienes m\u00e1s lo necesitan, especialmente adultos mayores, personas con movilidad limitada y habitantes de zonas rurales.<\/p>\n<p>\u201cLa iniciativa de \u00b4M\u00e9dico en Casa\u00b4 porque van ayudar a darles una mejor atenci\u00f3n m\u00e9dica a las maestras, los maestros, pero, sobre todo, no quiero minimizar es, despresurizar a una instituci\u00f3n, a una instalaci\u00f3n m\u00e9dica que est\u00e1 evidentemente saturada desde hace mucho tiempo\u201d, expres\u00f3.<\/p>\n<p>El relanzamiento del programa \u201cM\u00e9dico en Casa\u201d se alinea con la estrategia federal de la presidenta Claudia Sheinbaum Pardo, \u201cSalud Casa por Casa\u201d, y refuerza la misi\u00f3n de acercar la atenci\u00f3n a cada rinc\u00f3n del estado.<\/p>\n<p>Con esta iniciativa el Isssteson ofrece servicios desde m\u00e9dicos familiares, enfermer\u00eda, consulta psicol\u00f3gica, orientaci\u00f3n nutricional, consulta de fisioterapia y tomas de muestra de laboratorio para 24 mil 275 derechohabientes de 65 a\u00f1os y m\u00e1s para los municipios de San Luis R\u00edo Colorado, Caborca, Cananea, Naco, Agua Prieta, Hermosillo, Guaymas, Empalme, Cajeme, Navojoa, Huatabampo y \u00c1lamos.<\/p>\n<p>El gobernador Durazo tambi\u00e9n realiz\u00f3 la entrega de las llaves de las unidades al personal m\u00e9dico del Isssteson, dos para Hermosillo y una para Cajeme, como parte del esfuerzo por fortalecer la infraestructura y el equipamiento de salud.<\/p>\n","protected":false},"excerpt":{"rendered":"<p>Hermosillo, Sonora; 19 de agosto de 2025.- Con el firme compromiso de garantizar atenci\u00f3n m\u00e9dica oportuna y de calidad a las y los sonorenses, y dar soluci\u00f3n a una demanda hist\u00f3rica del personal de salud, el gobernador Alfonso Durazo Monta\u00f1o encabez\u00f3 la entrega de dos ambulancias de cuidados intensivos y una de cuidados intermedios, as\u00ed [&hellip;]<\/p>\n","protected":false},"author":2,"featured_media":227177,"comment_status":"closed","ping_status":"closed","sticky":false,"template":"","format":"standard","meta":{"footnotes":""},"categories":[12870,178],"tags":[12865,12869],"class_list":["post-227176","post","type-post","status-publish","format-standard","has-post-thumbnail","hentry","category-destacadas","category-local","tag-destacadas","tag-local"],"jetpack_featured_media_url":"https:\/\/rnoticias.com.mx\/Portal\/wp-content\/uploads\/2025\/08\/unnamed-62.jpg","amp_enabled":true,"_links":{"self":[{"href":"https:\/\/rnoticias.com.mx\/Portal\/wp-json\/wp\/v2\/posts\/227176","targetHints":{"allow":["GET"]}}],"collection":[{"href":"https:\/\/rnoticias.com.mx\/Portal\/wp-json\/wp\/v2\/posts"}],"about":[{"href":"https:\/\/rnoticias.com.mx\/Portal\/wp-json\/wp\/v2\/types\/post"}],"author":[{"embeddable":true,"href":"https:\/\/rnoticias.com.mx\/Portal\/wp-json\/wp\/v2\/users\/2"}],"replies":[{"embeddable":true,"href":"https:\/\/rnoticias.com.mx\/Portal\/wp-json\/wp\/v2\/comments?post=227176"}],"version-history":[{"count":1,"href":"https:\/\/rnoticias.com.mx\/Portal\/wp-json\/wp\/v2\/posts\/227176\/revisions"}],"predecessor-version":[{"id":227178,"href":"https:\/\/rnoticias.com.mx\/Portal\/wp-json\/wp\/v2\/posts\/227176\/revisions\/227178"}],"wp:featuredmedia":[{"embeddable":true,"href":"https:\/\/rnoticias.com.mx\/Portal\/wp-json\/wp\/v2\/media\/227177"}],"wp:attachment":[{"href":"https:\/\/rnoticias.com.mx\/Portal\/wp-json\/wp\/v2\/media?parent=227176"}],"wp:term":[{"taxonomy":"category","embeddable":true,"href":"https:\/\/rnoticias.com.mx\/Portal\/wp-json\/wp\/v2\/categories?post=227176"},{"taxonomy":"post_tag","embeddable":true,"href":"https:\/\/rnoticias.com.mx\/Portal\/wp-json\/wp\/v2\/tags?post=227176"}],"curies":[{"name":"wp","href":"https:\/\/api.w.org\/{rel}","templated":true}]}}