{"id":227169,"date":"2025-08-19T17:34:47","date_gmt":"2025-08-20T00:34:47","guid":{"rendered":"https:\/\/rnoticias.com.mx\/Portal\/?p=227169"},"modified":"2025-08-19T17:34:47","modified_gmt":"2025-08-20T00:34:47","slug":"gobernador-durazo-lanza-campana-estatal-para-prevenir-la-violencia-sexual-infantil","status":"publish","type":"post","link":"https:\/\/rnoticias.com.mx\/Portal\/2025\/08\/19\/gobernador-durazo-lanza-campana-estatal-para-prevenir-la-violencia-sexual-infantil\/","title":{"rendered":"Gobernador Durazo lanza campa\u00f1a estatal para prevenir la violencia sexual infantil"},"content":{"rendered":"<p align=\"left\">Hermosillo, Sonora; 19 de agosto de 2025.- Como una iniciativa innovadora que busca construir entornos seguros para las ni\u00f1as, ni\u00f1os y adolescentes, as\u00ed como brindar herramientas para su sano crecimiento integral, el gobernador Alfonso Durado Monta\u00f1o lanz\u00f3 la Campa\u00f1a Estatal de Prevenci\u00f3n de la Violencia Sexual Infantil, a trav\u00e9s de la Comisi\u00f3n Ejecutiva Estatal de Atenci\u00f3n a V\u00edctimas del Estado de Sonora (CEEAV).<\/p>\n<p align=\"left\">Acompa\u00f1ado por su esposa y presidenta honoraria del sistema DIF Sonora, Mar\u00eda del Roc\u00edo Ch\u00e1vez Murillo y Lyzeth Salcedo Salinas, comisionada Ejecutiva Estatal de Atenci\u00f3n a V\u00edctimas de Sonora, el mandatario estatal explic\u00f3 que esta campa\u00f1a incluye tres cortos animados dirigidos a la ni\u00f1ez, as\u00ed como un video tutorial para madres, padres, docentes y personas cuidadoras, esto con el objetivo de ofrecer un lenguaje cercano, sensible y respetuoso que permita identificar, prevenir y atender situaciones de violencia sexual infantil desde la etapa preescolar hasta la adolescencia.<\/p>\n<p align=\"left\">El gobernador Durazo Monta\u00f1o hizo \u00e9nfasis en que en Sonora la ni\u00f1ez no se toca, no se calla, ni se queda sola, ya que proteger a un ni\u00f1o o ni\u00f1a de la violencia sexual, es cuidar a la sociedad, dado que un da\u00f1o en la infancia deja cicatrices para toda la vida. Con estas acciones el estado se consolida como un ejemplo a nivel nacional en materia de prevenci\u00f3n, justicia y reparaci\u00f3n.<\/p>\n<p align=\"left\">\u201cHoy reafirmamos que en Sonora no habr\u00e1 un solo ni\u00f1o sin voz, ni una sola ni\u00f1a sin protecci\u00f3n. Que sepan aqu\u00ed y ahora que sociedad y gobierno, sus familias, y su comunidad estar\u00e1n siempre a su lado. Sonora tiene un deber moral con las infancias que solo podremos atender si compartimos una \u00e9tica de cuidado que priorice las necesidades de las ni\u00f1as y ni\u00f1os\u201d, indic\u00f3.<\/p>\n<p align=\"left\">En el marco de este evento se reconoci\u00f3 la participaci\u00f3n de Mar\u00eda Fernanda Lazo, fundadora del programa \u201cCorazones M\u00e1gicos\u201d y Ciudadana del A\u00f1o en Quer\u00e9taro, quien facilit\u00f3 la transferencia del modelo de atenci\u00f3n integral implementada con \u00e9xito durante m\u00e1s de diez a\u00f1os por \u201cVida Plena, I.A.P.\u201d.<\/p>\n","protected":false},"excerpt":{"rendered":"<p>Hermosillo, Sonora; 19 de agosto de 2025.- Como una iniciativa innovadora que busca construir entornos seguros para las ni\u00f1as, ni\u00f1os y adolescentes, as\u00ed como brindar herramientas para su sano crecimiento integral, el gobernador Alfonso Durado Monta\u00f1o lanz\u00f3 la Campa\u00f1a Estatal de Prevenci\u00f3n de la Violencia Sexual Infantil, a trav\u00e9s de la Comisi\u00f3n Ejecutiva Estatal de [&hellip;]<\/p>\n","protected":false},"author":2,"featured_media":227170,"comment_status":"closed","ping_status":"closed","sticky":false,"template":"","format":"standard","meta":{"footnotes":""},"categories":[12870,178],"tags":[12865,12869],"class_list":["post-227169","post","type-post","status-publish","format-standard","has-post-thumbnail","hentry","category-destacadas","category-local","tag-destacadas","tag-local"],"jetpack_featured_media_url":"https:\/\/rnoticias.com.mx\/Portal\/wp-content\/uploads\/2025\/08\/unnamed-61.jpg","amp_enabled":true,"_links":{"self":[{"href":"https:\/\/rnoticias.com.mx\/Portal\/wp-json\/wp\/v2\/posts\/227169","targetHints":{"allow":["GET"]}}],"collection":[{"href":"https:\/\/rnoticias.com.mx\/Portal\/wp-json\/wp\/v2\/posts"}],"about":[{"href":"https:\/\/rnoticias.com.mx\/Portal\/wp-json\/wp\/v2\/types\/post"}],"author":[{"embeddable":true,"href":"https:\/\/rnoticias.com.mx\/Portal\/wp-json\/wp\/v2\/users\/2"}],"replies":[{"embeddable":true,"href":"https:\/\/rnoticias.com.mx\/Portal\/wp-json\/wp\/v2\/comments?post=227169"}],"version-history":[{"count":1,"href":"https:\/\/rnoticias.com.mx\/Portal\/wp-json\/wp\/v2\/posts\/227169\/revisions"}],"predecessor-version":[{"id":227171,"href":"https:\/\/rnoticias.com.mx\/Portal\/wp-json\/wp\/v2\/posts\/227169\/revisions\/227171"}],"wp:featuredmedia":[{"embeddable":true,"href":"https:\/\/rnoticias.com.mx\/Portal\/wp-json\/wp\/v2\/media\/227170"}],"wp:attachment":[{"href":"https:\/\/rnoticias.com.mx\/Portal\/wp-json\/wp\/v2\/media?parent=227169"}],"wp:term":[{"taxonomy":"category","embeddable":true,"href":"https:\/\/rnoticias.com.mx\/Portal\/wp-json\/wp\/v2\/categories?post=227169"},{"taxonomy":"post_tag","embeddable":true,"href":"https:\/\/rnoticias.com.mx\/Portal\/wp-json\/wp\/v2\/tags?post=227169"}],"curies":[{"name":"wp","href":"https:\/\/api.w.org\/{rel}","templated":true}]}}