{"id":227151,"date":"2025-08-19T17:09:05","date_gmt":"2025-08-20T00:09:05","guid":{"rendered":"https:\/\/rnoticias.com.mx\/Portal\/?p=227151"},"modified":"2025-08-19T17:15:01","modified_gmt":"2025-08-20T00:15:01","slug":"mas-de-40-mil-mujeres-se-han-registrado-en-sonora-a-la-pension-mujeres-bienestar-un-compromiso-de-la-presidenta-claudia-sheinbaum-en-favor-de-las-mujeres-mexicanas","status":"publish","type":"post","link":"https:\/\/rnoticias.com.mx\/Portal\/2025\/08\/19\/mas-de-40-mil-mujeres-se-han-registrado-en-sonora-a-la-pension-mujeres-bienestar-un-compromiso-de-la-presidenta-claudia-sheinbaum-en-favor-de-las-mujeres-mexicanas\/","title":{"rendered":"M\u00e1s de 40 mil mujeres se han registrado en Sonora a la Pensi\u00f3n Mujeres Bienestar, un compromiso de la Presidenta Claudia Sheinbaum en favor de las mujeres mexicanas"},"content":{"rendered":"<p><strong>Hermosillo, Sonora, martes 19 de agosto\u00a0 de 2025.-<\/strong> En un acto de justicia social, m\u00e1s de 40 mil mujeres de 60 a 64 a\u00f1os se han registrado en Sonora a la Pensi\u00f3n Mujeres Bienestar, cumpliendo el compromiso de la Presidenta de M\u00e9xico, Claudia Sheinbaum Pardo, de reconocer toda una vida de trabajo de las mujeres en el hogar y contribuir a su independencia econ\u00f3mica.<\/p>\n<p>&nbsp;<\/p>\n<p>En conferencia de prensa, el Delegado de la Secretar\u00eda de Bienestar en Sonora, Octavio Almada Palafox, inform\u00f3 que el registro contin\u00faa abierto hasta el d\u00eda 30 de agosto en los 72 municipios de la entidad, y las mujeres puede acudir a inscribirse en el M\u00f3dulo de Bienestar m\u00e1s cercano a su domicilio.<\/p>\n<p>&nbsp;<\/p>\n<p>Recalc\u00f3 que con esta acci\u00f3n el Gobierno de M\u00e9xico, a trav\u00e9s de la primera mujer Presidenta en el pa\u00eds, reconoce con justicia social a las mujeres, al otorgarles una pensi\u00f3n bimestral de 3 mil pesos, de manera directa y sin intermediarios.<\/p>\n<p>&nbsp;<\/p>\n<p>Almada Palafox reiter\u00f3 que para incorporarse al programa, las mujeres que re\u00fanan los requisitos pueden acudir\u00a0 al m\u00f3dulo m\u00e1s cercano, en un horario de 8 de la ma\u00f1ana a 3 de la tarde el d\u00eda que les corresponda seg\u00fan el calendario de registro, y presentar los siguientes documentos en original y copia:<\/p>\n<p>* Identificaci\u00f3n oficial vigente<br \/>\n* CURP certificada (de reciente impresi\u00f3n)<br \/>\n* Acta de nacimiento legible<br \/>\n* Comprobante de domicilio<br \/>\n* Dos n\u00fameros telef\u00f3nicos de contacto<\/p>\n<p>En otros programas prioritarios, el Delegado Almada Palafox expres\u00f3 que del 18 al 30 de agosto se llevan a cabo en la entidad las incorporaciones a la Pensi\u00f3n para el Bienestar de las Personas Adultas Mayores de 65 a\u00f1os en adelante.<\/p>\n<p>&nbsp;<\/p>\n<p>En Sonora actualmente m\u00e1s de 300 mil derechohabientes reciben esta pensi\u00f3n de 6 mil pesos bimestrales, indic\u00f3 el Delegado, por lo que invit\u00f3 a todos los adultos de 65 a\u00f1os en adelante que a\u00fan no reciben este apoyo para que acudan a registrarse.<\/p>\n<p>&nbsp;<\/p>\n<p>Finalmente, dentro del Programa Salud Casa por\u00a0 Casa, tambi\u00e9n impulsado por la Presidenta Sheinbaum, el Delegado Almada Palafox expres\u00f3 que se han realizado m\u00e1s de 47 mil visitas de personal m\u00e9dico en todo el estado, brindando atenci\u00f3n directa a las y los derechohabientes de las pensiones\u00a0 de Adultos Mayores y Personas con Discapacidad que ya fueron censados.<\/p>\n<p>&nbsp;<\/p>\n<p>Con estas acciones, el Gobierno de M\u00e9xico, a trav\u00e9s de la Presidenta Claudia Sheinbaum Pardo, cumple el compromiso de llevar los Programas de Bienestar a cada rinc\u00f3n del estado para que lleguen a todas y todos, sin excepci\u00f3n.<\/p>\n<p>&nbsp;<\/p>\n","protected":false},"excerpt":{"rendered":"<p>Hermosillo, Sonora, martes 19 de agosto\u00a0 de 2025.- En un acto de justicia social, m\u00e1s de 40 mil mujeres de 60 a 64 a\u00f1os se han registrado en Sonora a la Pensi\u00f3n Mujeres Bienestar, cumpliendo el compromiso de la Presidenta de M\u00e9xico, Claudia Sheinbaum Pardo, de reconocer toda una vida de trabajo de las mujeres [&hellip;]<\/p>\n","protected":false},"author":2,"featured_media":227152,"comment_status":"closed","ping_status":"closed","sticky":false,"template":"","format":"standard","meta":{"footnotes":""},"categories":[12870,178],"tags":[12865,12869],"class_list":["post-227151","post","type-post","status-publish","format-standard","has-post-thumbnail","hentry","category-destacadas","category-local","tag-destacadas","tag-local"],"jetpack_featured_media_url":"https:\/\/rnoticias.com.mx\/Portal\/wp-content\/uploads\/2025\/08\/42281770-58a6-4de5-92dd-f0d1da67283b.jpg","amp_enabled":true,"_links":{"self":[{"href":"https:\/\/rnoticias.com.mx\/Portal\/wp-json\/wp\/v2\/posts\/227151","targetHints":{"allow":["GET"]}}],"collection":[{"href":"https:\/\/rnoticias.com.mx\/Portal\/wp-json\/wp\/v2\/posts"}],"about":[{"href":"https:\/\/rnoticias.com.mx\/Portal\/wp-json\/wp\/v2\/types\/post"}],"author":[{"embeddable":true,"href":"https:\/\/rnoticias.com.mx\/Portal\/wp-json\/wp\/v2\/users\/2"}],"replies":[{"embeddable":true,"href":"https:\/\/rnoticias.com.mx\/Portal\/wp-json\/wp\/v2\/comments?post=227151"}],"version-history":[{"count":1,"href":"https:\/\/rnoticias.com.mx\/Portal\/wp-json\/wp\/v2\/posts\/227151\/revisions"}],"predecessor-version":[{"id":227153,"href":"https:\/\/rnoticias.com.mx\/Portal\/wp-json\/wp\/v2\/posts\/227151\/revisions\/227153"}],"wp:featuredmedia":[{"embeddable":true,"href":"https:\/\/rnoticias.com.mx\/Portal\/wp-json\/wp\/v2\/media\/227152"}],"wp:attachment":[{"href":"https:\/\/rnoticias.com.mx\/Portal\/wp-json\/wp\/v2\/media?parent=227151"}],"wp:term":[{"taxonomy":"category","embeddable":true,"href":"https:\/\/rnoticias.com.mx\/Portal\/wp-json\/wp\/v2\/categories?post=227151"},{"taxonomy":"post_tag","embeddable":true,"href":"https:\/\/rnoticias.com.mx\/Portal\/wp-json\/wp\/v2\/tags?post=227151"}],"curies":[{"name":"wp","href":"https:\/\/api.w.org\/{rel}","templated":true}]}}