{"id":227147,"date":"2025-08-19T16:27:03","date_gmt":"2025-08-19T23:27:03","guid":{"rendered":"https:\/\/rnoticias.com.mx\/Portal\/?p=227147"},"modified":"2025-08-19T16:27:03","modified_gmt":"2025-08-19T23:27:03","slug":"maduro-despliega-45-millones-de-milicianos-tras-anuncio-de-recompensa-de-ee-uu","status":"publish","type":"post","link":"https:\/\/rnoticias.com.mx\/Portal\/2025\/08\/19\/maduro-despliega-45-millones-de-milicianos-tras-anuncio-de-recompensa-de-ee-uu\/","title":{"rendered":"Maduro despliega 4,5 millones de milicianos tras anuncio de recompensa de EE.UU."},"content":{"rendered":"<p>El presidente de Venezuela,\u00a0<strong>Nicol\u00e1s Maduro<\/strong>, anunci\u00f3 este lunes el despliegue de 4,5 millones de\u00a0<strong>milicianos<\/strong>, componente de la\u00a0<strong>Fuerza Armada Nacional Bolivariana<\/strong>\u00a0(FANB), en todo el pa\u00eds, luego de que Estados Unidos aumentara a 50 millones de d\u00f3lares la recompensa por informaci\u00f3n que lleve a su captura.<\/p>\n<p>Maduro indic\u00f3 que esto forma parte de un &#8220;<strong>plan de paz<\/strong>&#8220;, por lo que hizo un llamado a las milicias a estar &#8220;preparadas, activadas y armadas&#8221;. Sin precisar en qu\u00e9 zonas del pa\u00eds estar\u00e1n los milicianos, Maduro dijo que este plan \u201ces desplegar toda la capacidad miliciana en el territorio y por sectores, establecer la capacidad de la milicia nacional bolivariana en todos los territorios del pa\u00eds&#8221;.<\/p>\n<p>El pasado mi\u00e9rcoles, la fiscal general de\u00a0<strong>Estados Unidos<\/strong>, Pam Bondi, destac\u00f3 en una entrevista con la cadena Fox la\u00a0<strong>confiscaci\u00f3n<\/strong>\u00a0de 700 millones de d\u00f3lares en bienes que vincul\u00f3 con Maduro, a quien acusa de narcotr\u00e1fico.<\/p>\n<p>Maduro fue acusado de\u00a0<strong>narcotr\u00e1fico y terrorismo<\/strong>\u00a0por Estados Unidos durante el primer mandato del presidente Donald Trump. En concreto, Washington asegura que el Cartel de los Soles est\u00e1 liderado por el mandatario y por funcionarios y militares de alto rango del Gobierno venezolano, una acusaci\u00f3n que rechaza el chavismo.<\/p>\n<p>&nbsp;<\/p>\n<p>&nbsp;<\/p>\n<p>Fuente: EFE<\/p>\n","protected":false},"excerpt":{"rendered":"<p>El presidente de Venezuela,\u00a0Nicol\u00e1s Maduro, anunci\u00f3 este lunes el despliegue de 4,5 millones de\u00a0milicianos, componente de la\u00a0Fuerza Armada Nacional Bolivariana\u00a0(FANB), en todo el pa\u00eds, luego de que Estados Unidos aumentara a 50 millones de d\u00f3lares la recompensa por informaci\u00f3n que lleve a su captura. Maduro indic\u00f3 que esto forma parte de un &#8220;plan de paz&#8220;, [&hellip;]<\/p>\n","protected":false},"author":2,"featured_media":227148,"comment_status":"closed","ping_status":"closed","sticky":false,"template":"","format":"standard","meta":{"footnotes":""},"categories":[12870,182],"tags":[12865,12871],"class_list":["post-227147","post","type-post","status-publish","format-standard","has-post-thumbnail","hentry","category-destacadas","category-internacional","tag-destacadas","tag-internacional"],"jetpack_featured_media_url":"https:\/\/rnoticias.com.mx\/Portal\/wp-content\/uploads\/2025\/08\/Maduro-despliega-45-millones-de-milicianos-en-Venezuela.png","amp_enabled":true,"_links":{"self":[{"href":"https:\/\/rnoticias.com.mx\/Portal\/wp-json\/wp\/v2\/posts\/227147","targetHints":{"allow":["GET"]}}],"collection":[{"href":"https:\/\/rnoticias.com.mx\/Portal\/wp-json\/wp\/v2\/posts"}],"about":[{"href":"https:\/\/rnoticias.com.mx\/Portal\/wp-json\/wp\/v2\/types\/post"}],"author":[{"embeddable":true,"href":"https:\/\/rnoticias.com.mx\/Portal\/wp-json\/wp\/v2\/users\/2"}],"replies":[{"embeddable":true,"href":"https:\/\/rnoticias.com.mx\/Portal\/wp-json\/wp\/v2\/comments?post=227147"}],"version-history":[{"count":2,"href":"https:\/\/rnoticias.com.mx\/Portal\/wp-json\/wp\/v2\/posts\/227147\/revisions"}],"predecessor-version":[{"id":227150,"href":"https:\/\/rnoticias.com.mx\/Portal\/wp-json\/wp\/v2\/posts\/227147\/revisions\/227150"}],"wp:featuredmedia":[{"embeddable":true,"href":"https:\/\/rnoticias.com.mx\/Portal\/wp-json\/wp\/v2\/media\/227148"}],"wp:attachment":[{"href":"https:\/\/rnoticias.com.mx\/Portal\/wp-json\/wp\/v2\/media?parent=227147"}],"wp:term":[{"taxonomy":"category","embeddable":true,"href":"https:\/\/rnoticias.com.mx\/Portal\/wp-json\/wp\/v2\/categories?post=227147"},{"taxonomy":"post_tag","embeddable":true,"href":"https:\/\/rnoticias.com.mx\/Portal\/wp-json\/wp\/v2\/tags?post=227147"}],"curies":[{"name":"wp","href":"https:\/\/api.w.org\/{rel}","templated":true}]}}