{"id":227144,"date":"2025-08-19T15:47:08","date_gmt":"2025-08-19T22:47:08","guid":{"rendered":"https:\/\/rnoticias.com.mx\/Portal\/?p=227144"},"modified":"2025-08-19T15:47:08","modified_gmt":"2025-08-19T22:47:08","slug":"ricky-martin-recibira-el-primer-premio-latin-icon-en-la-gala-de-los-mtv-vma","status":"publish","type":"post","link":"https:\/\/rnoticias.com.mx\/Portal\/2025\/08\/19\/ricky-martin-recibira-el-primer-premio-latin-icon-en-la-gala-de-los-mtv-vma\/","title":{"rendered":"Ricky Martin recibir\u00e1 el primer premio Latin Icon en la gala de los MTV VMA"},"content":{"rendered":"<p>El cantante puertorrique\u00f1o\u00a0<strong>Ricky Martin\u00a0<\/strong>recibir\u00e1 el<strong>\u00a0primer premio Latin Icon Award\u00a0<\/strong>en la gala de la MTV dedicada a los videos musicales (VMA) el pr\u00f3ximo 7 de septiembre en el estadio UBS de Elmont, de Nueva York, inform\u00f3 este lunes la organizaci\u00f3n.<\/p>\n<p>El autor de &#8216;Livin la vida loca&#8217; recibir\u00e1 el nuevo galard\u00f3n por su &#8220;<strong>carrera de cuatro d\u00e9cadas que lanz\u00f3 la m\u00fasica y cultura latinas a la corriente &#8216;mainstream&#8217; (general), con m\u00e1s de 70 millones de \u00e1lbumes vendidos en todo el mundo y m\u00e1s de 180 premios por su m\u00fasica, actuaci\u00f3n y trabajo humanitario&#8221;<\/strong>, dijo la MTV en un comunicado.<\/p>\n<p>Adem\u00e1s,\u00a0<strong>el ganador del Grammy y el Latin Grammy celebra el 26 aniversario de su primera actuaci\u00f3n en los premios VMA, en 1999, cuando se convirti\u00f3 en el primer artista masculino latino en ganar el mejor video pop y se coron\u00f3 como el vencedor de la noche con cinco premios.<\/strong><\/p>\n<p>Aparte de Ricky Martin, ser\u00e1 premiado tambi\u00e9n con un nuevo galard\u00f3n Busta Rhymes, que el a\u00f1o pasado fue ya distinguido en los EMA (European Music Awards) con el t\u00edtulo de icono, con el Rock the bells Visionary Award, por su &#8220;impacto cultural que rompi\u00f3 l\u00edmites y una carrera musical indomable&#8221;.<\/p>\n<p>El comunicado de la MTV, que incluye varios anuncios m\u00e1s, destaca tambi\u00e9n que el colombiano\u00a0<strong>J Balvin ser\u00e1 uno de los artistas que actuar\u00e1n en la premiaci\u00f3n de los VMA con su nuevo tema &#8216;Zun zun&#8217; junto a Justin Quiles y Lenny Tav\u00e1rez, y &#8216;Noventa&#8217;, junto a DJ Snake.<\/strong><\/p>\n<p>Este a\u00f1o, Lady Gaga encabeza la lista de nominados con papeletas en doce categor\u00edas, seguida por Bruno Mars (once) y Kendrick Lamar (diez); Sabrina Carpenter y Ros\u00e9 de Blackpink (ocho); y Ariana Grande y The Weekend (siete).<\/p>\n<p>&nbsp;<\/p>\n<p>Fuente: EFE<\/p>\n","protected":false},"excerpt":{"rendered":"<p>El cantante puertorrique\u00f1o\u00a0Ricky Martin\u00a0recibir\u00e1 el\u00a0primer premio Latin Icon Award\u00a0en la gala de la MTV dedicada a los videos musicales (VMA) el pr\u00f3ximo 7 de septiembre en el estadio UBS de Elmont, de Nueva York, inform\u00f3 este lunes la organizaci\u00f3n. El autor de &#8216;Livin la vida loca&#8217; recibir\u00e1 el nuevo galard\u00f3n por su &#8220;carrera de cuatro [&hellip;]<\/p>\n","protected":false},"author":2,"featured_media":227145,"comment_status":"closed","ping_status":"closed","sticky":false,"template":"","format":"standard","meta":{"footnotes":""},"categories":[12870,219],"tags":[12865,12875],"class_list":["post-227144","post","type-post","status-publish","format-standard","has-post-thumbnail","hentry","category-destacadas","category-espectaculos","tag-destacadas","tag-espectaculos"],"jetpack_featured_media_url":"https:\/\/rnoticias.com.mx\/Portal\/wp-content\/uploads\/2025\/08\/Ricky-Martin-premio-MTV-2.webp","amp_enabled":true,"_links":{"self":[{"href":"https:\/\/rnoticias.com.mx\/Portal\/wp-json\/wp\/v2\/posts\/227144","targetHints":{"allow":["GET"]}}],"collection":[{"href":"https:\/\/rnoticias.com.mx\/Portal\/wp-json\/wp\/v2\/posts"}],"about":[{"href":"https:\/\/rnoticias.com.mx\/Portal\/wp-json\/wp\/v2\/types\/post"}],"author":[{"embeddable":true,"href":"https:\/\/rnoticias.com.mx\/Portal\/wp-json\/wp\/v2\/users\/2"}],"replies":[{"embeddable":true,"href":"https:\/\/rnoticias.com.mx\/Portal\/wp-json\/wp\/v2\/comments?post=227144"}],"version-history":[{"count":1,"href":"https:\/\/rnoticias.com.mx\/Portal\/wp-json\/wp\/v2\/posts\/227144\/revisions"}],"predecessor-version":[{"id":227146,"href":"https:\/\/rnoticias.com.mx\/Portal\/wp-json\/wp\/v2\/posts\/227144\/revisions\/227146"}],"wp:featuredmedia":[{"embeddable":true,"href":"https:\/\/rnoticias.com.mx\/Portal\/wp-json\/wp\/v2\/media\/227145"}],"wp:attachment":[{"href":"https:\/\/rnoticias.com.mx\/Portal\/wp-json\/wp\/v2\/media?parent=227144"}],"wp:term":[{"taxonomy":"category","embeddable":true,"href":"https:\/\/rnoticias.com.mx\/Portal\/wp-json\/wp\/v2\/categories?post=227144"},{"taxonomy":"post_tag","embeddable":true,"href":"https:\/\/rnoticias.com.mx\/Portal\/wp-json\/wp\/v2\/tags?post=227144"}],"curies":[{"name":"wp","href":"https:\/\/api.w.org\/{rel}","templated":true}]}}