{"id":227132,"date":"2025-08-19T11:44:54","date_gmt":"2025-08-19T18:44:54","guid":{"rendered":"https:\/\/rnoticias.com.mx\/Portal\/?p=227132"},"modified":"2025-08-19T11:44:54","modified_gmt":"2025-08-19T18:44:54","slug":"el-fin-de-una-era-de-nepotismo-asegura-claudia-sheinbaum-por-ultima-sesion-de-scjn","status":"publish","type":"post","link":"https:\/\/rnoticias.com.mx\/Portal\/2025\/08\/19\/el-fin-de-una-era-de-nepotismo-asegura-claudia-sheinbaum-por-ultima-sesion-de-scjn\/","title":{"rendered":"\u2018El fin de una era de nepotismo\u2019: asegura Claudia Sheinbaum por \u00faltima sesi\u00f3n de SCJN"},"content":{"rendered":"<p>La presidenta\u00a0<strong>Claudia Sheinbaum<\/strong>\u00a0asegur\u00f3 este martes que el pr\u00f3ximo cambio en el\u00a0<strong>Poder Judicial<\/strong>\u00a0significar\u00e1 &#8220;el fin de una era, de nepotismo&#8221;, en referencia a la \u00faltima sesi\u00f3n que se celebrar\u00e1 en la\u00a0<strong>Suprema Corte de Justicia de la Naci\u00f3n<\/strong>\u00a0(SCJN).<\/p>\n<p>Asimismo, dijo que &#8220;ahora inicia una nueva era a partir del 1 de septiembre y va a ser mejor\u201d, refiriendo que este Poder Judicial \u201cserv\u00eda a unos cuantos y que durante este periodo demostr\u00f3 que se reproduc\u00eda a partir de amiguismos,\u00a0<strong>nepotismos<\/strong>, supuestamente a trav\u00e9s de una carrera judicial\u201d.<\/p>\n<p>La SCJN inform\u00f3 que este martes llevar\u00e1 a cabo una\u00a0<strong>sesi\u00f3n extraordinaria<\/strong>\u00a0&#8220;con el \u00fanico objetivo de desahogar aquellos juicios pendientes de resoluci\u00f3n, vinculados con la materia electoral&#8221;.<\/p>\n<p>En tanto, el pr\u00f3ximo 1 de septiembre de 2025 se llevar\u00e1 a cabo el cambio en el Poder Judicial, incluyendo la renovaci\u00f3n de la SCJN, por lo que se considera que la sesi\u00f3n de hoy en la Corte sea la \u00faltima de esta etapa.<\/p>\n<p>&nbsp;<\/p>\n<p>&nbsp;<\/p>\n<p>Fuente: N+<\/p>\n","protected":false},"excerpt":{"rendered":"<p>La presidenta\u00a0Claudia Sheinbaum\u00a0asegur\u00f3 este martes que el pr\u00f3ximo cambio en el\u00a0Poder Judicial\u00a0significar\u00e1 &#8220;el fin de una era, de nepotismo&#8221;, en referencia a la \u00faltima sesi\u00f3n que se celebrar\u00e1 en la\u00a0Suprema Corte de Justicia de la Naci\u00f3n\u00a0(SCJN). Asimismo, dijo que &#8220;ahora inicia una nueva era a partir del 1 de septiembre y va a ser mejor\u201d, [&hellip;]<\/p>\n","protected":false},"author":2,"featured_media":227133,"comment_status":"closed","ping_status":"closed","sticky":false,"template":"","format":"standard","meta":{"footnotes":""},"categories":[12870,12868],"tags":[12865,12879],"class_list":["post-227132","post","type-post","status-publish","format-standard","has-post-thumbnail","hentry","category-destacadas","category-politica","tag-destacadas","tag-politica"],"jetpack_featured_media_url":"https:\/\/rnoticias.com.mx\/Portal\/wp-content\/uploads\/2025\/08\/ultima-sesion-de-la-scjn-demuestra-el-fin-de-una-era-de-nepotismo-sheinbaum-1200x675-1.webp","amp_enabled":true,"_links":{"self":[{"href":"https:\/\/rnoticias.com.mx\/Portal\/wp-json\/wp\/v2\/posts\/227132","targetHints":{"allow":["GET"]}}],"collection":[{"href":"https:\/\/rnoticias.com.mx\/Portal\/wp-json\/wp\/v2\/posts"}],"about":[{"href":"https:\/\/rnoticias.com.mx\/Portal\/wp-json\/wp\/v2\/types\/post"}],"author":[{"embeddable":true,"href":"https:\/\/rnoticias.com.mx\/Portal\/wp-json\/wp\/v2\/users\/2"}],"replies":[{"embeddable":true,"href":"https:\/\/rnoticias.com.mx\/Portal\/wp-json\/wp\/v2\/comments?post=227132"}],"version-history":[{"count":1,"href":"https:\/\/rnoticias.com.mx\/Portal\/wp-json\/wp\/v2\/posts\/227132\/revisions"}],"predecessor-version":[{"id":227134,"href":"https:\/\/rnoticias.com.mx\/Portal\/wp-json\/wp\/v2\/posts\/227132\/revisions\/227134"}],"wp:featuredmedia":[{"embeddable":true,"href":"https:\/\/rnoticias.com.mx\/Portal\/wp-json\/wp\/v2\/media\/227133"}],"wp:attachment":[{"href":"https:\/\/rnoticias.com.mx\/Portal\/wp-json\/wp\/v2\/media?parent=227132"}],"wp:term":[{"taxonomy":"category","embeddable":true,"href":"https:\/\/rnoticias.com.mx\/Portal\/wp-json\/wp\/v2\/categories?post=227132"},{"taxonomy":"post_tag","embeddable":true,"href":"https:\/\/rnoticias.com.mx\/Portal\/wp-json\/wp\/v2\/tags?post=227132"}],"curies":[{"name":"wp","href":"https:\/\/api.w.org\/{rel}","templated":true}]}}