{"id":227125,"date":"2025-08-19T10:50:39","date_gmt":"2025-08-19T17:50:39","guid":{"rendered":"https:\/\/rnoticias.com.mx\/Portal\/?p=227125"},"modified":"2025-08-19T10:50:39","modified_gmt":"2025-08-19T17:50:39","slug":"julio-cesar-n-ya-esta-en-mexico-ingresa-a-penal-de-maxima-seguridad-en-sonora","status":"publish","type":"post","link":"https:\/\/rnoticias.com.mx\/Portal\/2025\/08\/19\/julio-cesar-n-ya-esta-en-mexico-ingresa-a-penal-de-maxima-seguridad-en-sonora\/","title":{"rendered":"Julio C\u00e9sar \u2018N\u2019 ya est\u00e1 en M\u00e9xico: ingresa a penal de m\u00e1xima seguridad en Sonora"},"content":{"rendered":"<p><strong>Julio C\u00e9sar<\/strong>\u00a0Ch\u00e1vez Jr., hijo del excampe\u00f3n del boxeo\u00a0<strong>Julio C\u00e9sar Ch\u00e1vez<\/strong>, ya est\u00e1 en un\u00a0<strong>penal de m\u00e1xima seguridad<\/strong>\u00a0en M\u00e9xico, despu\u00e9s de que fue detenido en Estados Unidos, en julio de 2025.<\/p>\n<p>De acuerdo con el\u00a0<strong>Registro Nacional de Detenciones<\/strong>, de la Secretar\u00eda de Seguridad y Protecci\u00f3n Ciudadana (SSPC), Julio C\u00e9sar Ch\u00e1vez Jr., alias El Junior, fue recluido en el\u00a0<strong>CEFERESO 11<\/strong>\u00a0en Hermosillo,\u00a0<strong>Sonora<\/strong>. Hasta el momento, las autoridades mexicanas no han emitido m\u00e1s informaci\u00f3n al respecto.<\/p>\n<p>Cabe recordar que Julio C\u00e9sar Ch\u00e1vez Jr. fue detenido en\u00a0<strong>Estados Unidos<\/strong>\u00a0por ser acusado de tener v\u00ednculos con el c\u00e1rtel de Sinaloa y el l\u00edder Joaqu\u00edn \u2018El Chapo\u2019 Guzm\u00e1n.<\/p>\n<p>&nbsp;<\/p>\n<p>Fuente: Radio F\u00f3rmula<\/p>\n","protected":false},"excerpt":{"rendered":"<p>Julio C\u00e9sar\u00a0Ch\u00e1vez Jr., hijo del excampe\u00f3n del boxeo\u00a0Julio C\u00e9sar Ch\u00e1vez, ya est\u00e1 en un\u00a0penal de m\u00e1xima seguridad\u00a0en M\u00e9xico, despu\u00e9s de que fue detenido en Estados Unidos, en julio de 2025. De acuerdo con el\u00a0Registro Nacional de Detenciones, de la Secretar\u00eda de Seguridad y Protecci\u00f3n Ciudadana (SSPC), Julio C\u00e9sar Ch\u00e1vez Jr., alias El Junior, fue recluido [&hellip;]<\/p>\n","protected":false},"author":2,"featured_media":227126,"comment_status":"closed","ping_status":"closed","sticky":false,"template":"","format":"standard","meta":{"footnotes":""},"categories":[12870,172],"tags":[12865,12874],"class_list":["post-227125","post","type-post","status-publish","format-standard","has-post-thumbnail","hentry","category-destacadas","category-nacional","tag-destacadas","tag-nacional"],"jetpack_featured_media_url":"https:\/\/rnoticias.com.mx\/Portal\/wp-content\/uploads\/2025\/08\/unnamed-2-10.jpg","amp_enabled":true,"_links":{"self":[{"href":"https:\/\/rnoticias.com.mx\/Portal\/wp-json\/wp\/v2\/posts\/227125","targetHints":{"allow":["GET"]}}],"collection":[{"href":"https:\/\/rnoticias.com.mx\/Portal\/wp-json\/wp\/v2\/posts"}],"about":[{"href":"https:\/\/rnoticias.com.mx\/Portal\/wp-json\/wp\/v2\/types\/post"}],"author":[{"embeddable":true,"href":"https:\/\/rnoticias.com.mx\/Portal\/wp-json\/wp\/v2\/users\/2"}],"replies":[{"embeddable":true,"href":"https:\/\/rnoticias.com.mx\/Portal\/wp-json\/wp\/v2\/comments?post=227125"}],"version-history":[{"count":1,"href":"https:\/\/rnoticias.com.mx\/Portal\/wp-json\/wp\/v2\/posts\/227125\/revisions"}],"predecessor-version":[{"id":227127,"href":"https:\/\/rnoticias.com.mx\/Portal\/wp-json\/wp\/v2\/posts\/227125\/revisions\/227127"}],"wp:featuredmedia":[{"embeddable":true,"href":"https:\/\/rnoticias.com.mx\/Portal\/wp-json\/wp\/v2\/media\/227126"}],"wp:attachment":[{"href":"https:\/\/rnoticias.com.mx\/Portal\/wp-json\/wp\/v2\/media?parent=227125"}],"wp:term":[{"taxonomy":"category","embeddable":true,"href":"https:\/\/rnoticias.com.mx\/Portal\/wp-json\/wp\/v2\/categories?post=227125"},{"taxonomy":"post_tag","embeddable":true,"href":"https:\/\/rnoticias.com.mx\/Portal\/wp-json\/wp\/v2\/tags?post=227125"}],"curies":[{"name":"wp","href":"https:\/\/api.w.org\/{rel}","templated":true}]}}