{"id":227118,"date":"2025-08-19T10:44:06","date_gmt":"2025-08-19T17:44:06","guid":{"rendered":"https:\/\/rnoticias.com.mx\/Portal\/?p=227118"},"modified":"2025-08-19T11:16:02","modified_gmt":"2025-08-19T18:16:02","slug":"periodistas-asesinados-en-gaza-suben-a-239-tras-sumar-una-muerte-mas","status":"publish","type":"post","link":"https:\/\/rnoticias.com.mx\/Portal\/2025\/08\/19\/periodistas-asesinados-en-gaza-suben-a-239-tras-sumar-una-muerte-mas\/","title":{"rendered":"Periodistas asesinados en Gaza suben a 239 tras sumar una muerte m\u00e1s"},"content":{"rendered":"<p>El\u00a0<strong>periodista Islam<\/strong>\u00a0al Koumi falleci\u00f3 este martes en la\u00a0<strong>Franja de Gaza<\/strong>, inform\u00f3 el Gobierno gazat\u00ed, lo que eleva a 239 el n\u00famero de periodistas, influencers y otros creadores de contenido muertos desde el inicio de la\u00a0<strong>ofensiva israel\u00ed<\/strong>\u00a0en el enclave desde octubre de 2023.<\/p>\n<p>El Gobierno local no ofreci\u00f3 detalles sobre la muerte de Al Koumi, pero medios locales palestinos indicaron que muri\u00f3 en un bombardeo israel\u00ed sobre su barrio, Al Sabra, en la Ciudad de Gaza, de acuerdo con la cadena catar\u00ed\u00a0<strong>Al Jazeera<\/strong>.<\/p>\n<p>En su comunicado, las autoridades de Gaza condenaron \u201cen\u00e9rgicamente\u201d lo que calificaron como un ataque sistem\u00e1tico de la \u201cocupaci\u00f3n israel\u00ed\u201d contra periodistas palestinos, y responsabilizaron \u201cplenamente\u201d a Israel por el fallecimiento de Al Koumi, que trabajaba como editor de noticias y creador de contenido en distintas plataformas.<\/p>\n<p>Tambi\u00e9n urgieron a organismos internacionales de prensa, como la\u00a0<strong>Federaci\u00f3n Internacional de Periodistas<\/strong>\u00a0y la Federaci\u00f3n de Periodistas \u00c1rabes, a condenar estos cr\u00edmenes.<\/p>\n<p>&nbsp;<\/p>\n<p>&nbsp;<\/p>\n<p>Fuente: EFE<\/p>\n","protected":false},"excerpt":{"rendered":"<p>El\u00a0periodista Islam\u00a0al Koumi falleci\u00f3 este martes en la\u00a0Franja de Gaza, inform\u00f3 el Gobierno gazat\u00ed, lo que eleva a 239 el n\u00famero de periodistas, influencers y otros creadores de contenido muertos desde el inicio de la\u00a0ofensiva israel\u00ed\u00a0en el enclave desde octubre de 2023. El Gobierno local no ofreci\u00f3 detalles sobre la muerte de Al Koumi, pero [&hellip;]<\/p>\n","protected":false},"author":2,"featured_media":227119,"comment_status":"closed","ping_status":"closed","sticky":false,"template":"","format":"standard","meta":{"footnotes":""},"categories":[12870,182],"tags":[12865,12871],"class_list":["post-227118","post","type-post","status-publish","format-standard","has-post-thumbnail","hentry","category-destacadas","category-internacional","tag-destacadas","tag-internacional"],"jetpack_featured_media_url":"https:\/\/rnoticias.com.mx\/Portal\/wp-content\/uploads\/2025\/08\/file_20250819125005.webp","amp_enabled":true,"_links":{"self":[{"href":"https:\/\/rnoticias.com.mx\/Portal\/wp-json\/wp\/v2\/posts\/227118","targetHints":{"allow":["GET"]}}],"collection":[{"href":"https:\/\/rnoticias.com.mx\/Portal\/wp-json\/wp\/v2\/posts"}],"about":[{"href":"https:\/\/rnoticias.com.mx\/Portal\/wp-json\/wp\/v2\/types\/post"}],"author":[{"embeddable":true,"href":"https:\/\/rnoticias.com.mx\/Portal\/wp-json\/wp\/v2\/users\/2"}],"replies":[{"embeddable":true,"href":"https:\/\/rnoticias.com.mx\/Portal\/wp-json\/wp\/v2\/comments?post=227118"}],"version-history":[{"count":1,"href":"https:\/\/rnoticias.com.mx\/Portal\/wp-json\/wp\/v2\/posts\/227118\/revisions"}],"predecessor-version":[{"id":227120,"href":"https:\/\/rnoticias.com.mx\/Portal\/wp-json\/wp\/v2\/posts\/227118\/revisions\/227120"}],"wp:featuredmedia":[{"embeddable":true,"href":"https:\/\/rnoticias.com.mx\/Portal\/wp-json\/wp\/v2\/media\/227119"}],"wp:attachment":[{"href":"https:\/\/rnoticias.com.mx\/Portal\/wp-json\/wp\/v2\/media?parent=227118"}],"wp:term":[{"taxonomy":"category","embeddable":true,"href":"https:\/\/rnoticias.com.mx\/Portal\/wp-json\/wp\/v2\/categories?post=227118"},{"taxonomy":"post_tag","embeddable":true,"href":"https:\/\/rnoticias.com.mx\/Portal\/wp-json\/wp\/v2\/tags?post=227118"}],"curies":[{"name":"wp","href":"https:\/\/api.w.org\/{rel}","templated":true}]}}