{"id":227109,"date":"2025-08-19T10:40:28","date_gmt":"2025-08-19T17:40:28","guid":{"rendered":"https:\/\/rnoticias.com.mx\/Portal\/?p=227109"},"modified":"2025-08-19T10:40:28","modified_gmt":"2025-08-19T17:40:28","slug":"gobierno-de-sonora-beneficia-a-mas-de-3-mil-personas-con-nuevas-viviendas-coves","status":"publish","type":"post","link":"https:\/\/rnoticias.com.mx\/Portal\/2025\/08\/19\/gobierno-de-sonora-beneficia-a-mas-de-3-mil-personas-con-nuevas-viviendas-coves\/","title":{"rendered":"Gobierno de Sonora beneficia a m\u00e1s de 3 mil personas con nuevas viviendas: COVES"},"content":{"rendered":"<p>Hermosillo, Sonora; 19 de agosto de 2025.- Con el objetivo de contribuir a mejorar la calidad de vida de familias con carencias de vivienda digna, el Gobierno de Sonora, a trav\u00e9s de la Comisi\u00f3n de Vivienda del Estado (COVES), ha construido y reasignado un total de 938 viviendas durante la actual administraci\u00f3n.<\/p>\n<p>Estos apoyos forman parte del programa estatal Vivienda Nueva, que contempla la construcci\u00f3n de espacios habitacionales de 40 m\u00b2 con losa de cimentaci\u00f3n, muros de block, techo de vigueta y bovedilla, as\u00ed como instalaciones hidr\u00e1ulicas, el\u00e9ctricas y sanitarias.<\/p>\n<p>El beneficio se otorga principalmente a familias ubicadas en zonas de inter\u00e9s prioritario. Para ser atendidas, las y los solicitantes deben cumplir con criterios de elegibilidad, tales como la elaboraci\u00f3n de un estudio socioecon\u00f3mico, contar con t\u00edtulo de posesi\u00f3n de terreno, identificaci\u00f3n oficial vigente y ser mayores de edad, entre otros requisitos indispensables.<\/p>\n<p>Gracias a esta iniciativa, la cobertura de municipios beneficiados alcanza el 90 por ciento, con un total de tres mil 273 personas favorecidas y una inversi\u00f3n superior a los 222 millones de pesos.<\/p>\n<p>El titular de la Comisi\u00f3n de Vivienda en Sonora, Pedro Fontes Ortiz, inform\u00f3 que estas acciones avanzan en l\u00ednea con la visi\u00f3n del gobernador Alfonso Durazo, facilitando como nunca la adquisici\u00f3n de vivienda, primordialmente para familias con necesidades espec\u00edficas, j\u00f3venes y personas con alguna discapacidad.<\/p>\n<p>A\u00f1adi\u00f3 que, adem\u00e1s de viviendas integrales, tambi\u00e9n se ha trabajado en la construcci\u00f3n y entrega de pies de casa de 22 m\u00b2, con espacio para \u00e1rea com\u00fan, ba\u00f1o completo, instalaciones hidrosanitarias y el\u00e9ctricas, adem\u00e1s de pintura y tinaco incluido.<\/p>\n<p>Cabe resaltar que estos resultados incluyen el trabajo colaborativo con instituciones estatales y federales, como Infonavit, con quienes se concret\u00f3 el programa Aliados por la Vivienda, que contribuye a la recuperaci\u00f3n de predios para su rehabilitaci\u00f3n y entrega a familias con dificultades para adquirir vivienda.<\/p>\n<p>El Gobierno de Sonora continuar\u00e1 trabajando para hacer valer el derecho humano a una vivienda digna y adecuada, y garantizar una mejor calidad de vida para todas y todos.<\/p>\n","protected":false},"excerpt":{"rendered":"<p>Hermosillo, Sonora; 19 de agosto de 2025.- Con el objetivo de contribuir a mejorar la calidad de vida de familias con carencias de vivienda digna, el Gobierno de Sonora, a trav\u00e9s de la Comisi\u00f3n de Vivienda del Estado (COVES), ha construido y reasignado un total de 938 viviendas durante la actual administraci\u00f3n. Estos apoyos forman [&hellip;]<\/p>\n","protected":false},"author":2,"featured_media":227110,"comment_status":"closed","ping_status":"closed","sticky":false,"template":"","format":"standard","meta":{"footnotes":""},"categories":[12870,178],"tags":[12865,12869],"class_list":["post-227109","post","type-post","status-publish","format-standard","has-post-thumbnail","hentry","category-destacadas","category-local","tag-destacadas","tag-local"],"jetpack_featured_media_url":"https:\/\/rnoticias.com.mx\/Portal\/wp-content\/uploads\/2025\/08\/unnamed-58.jpg","amp_enabled":true,"_links":{"self":[{"href":"https:\/\/rnoticias.com.mx\/Portal\/wp-json\/wp\/v2\/posts\/227109","targetHints":{"allow":["GET"]}}],"collection":[{"href":"https:\/\/rnoticias.com.mx\/Portal\/wp-json\/wp\/v2\/posts"}],"about":[{"href":"https:\/\/rnoticias.com.mx\/Portal\/wp-json\/wp\/v2\/types\/post"}],"author":[{"embeddable":true,"href":"https:\/\/rnoticias.com.mx\/Portal\/wp-json\/wp\/v2\/users\/2"}],"replies":[{"embeddable":true,"href":"https:\/\/rnoticias.com.mx\/Portal\/wp-json\/wp\/v2\/comments?post=227109"}],"version-history":[{"count":1,"href":"https:\/\/rnoticias.com.mx\/Portal\/wp-json\/wp\/v2\/posts\/227109\/revisions"}],"predecessor-version":[{"id":227111,"href":"https:\/\/rnoticias.com.mx\/Portal\/wp-json\/wp\/v2\/posts\/227109\/revisions\/227111"}],"wp:featuredmedia":[{"embeddable":true,"href":"https:\/\/rnoticias.com.mx\/Portal\/wp-json\/wp\/v2\/media\/227110"}],"wp:attachment":[{"href":"https:\/\/rnoticias.com.mx\/Portal\/wp-json\/wp\/v2\/media?parent=227109"}],"wp:term":[{"taxonomy":"category","embeddable":true,"href":"https:\/\/rnoticias.com.mx\/Portal\/wp-json\/wp\/v2\/categories?post=227109"},{"taxonomy":"post_tag","embeddable":true,"href":"https:\/\/rnoticias.com.mx\/Portal\/wp-json\/wp\/v2\/tags?post=227109"}],"curies":[{"name":"wp","href":"https:\/\/api.w.org\/{rel}","templated":true}]}}