{"id":227098,"date":"2025-08-18T20:25:28","date_gmt":"2025-08-19T03:25:28","guid":{"rendered":"https:\/\/rnoticias.com.mx\/Portal\/?p=227098"},"modified":"2025-08-18T20:25:28","modified_gmt":"2025-08-19T03:25:28","slug":"lanza-ihj-convocatoria-para-premio-municipal-de-la-juventud-2025","status":"publish","type":"post","link":"https:\/\/rnoticias.com.mx\/Portal\/2025\/08\/18\/lanza-ihj-convocatoria-para-premio-municipal-de-la-juventud-2025\/","title":{"rendered":"Lanza IHJ convocatoria para Premio Municipal de la Juventud 2025"},"content":{"rendered":"<p><b data-olk-copy-source=\"MessageBody\">Hermosillo, Sonora; 18 de agosto de 2025.-<\/b>\u00a0El Instituto Hermosillense de la Juventud (IHJ) present\u00f3 la convocatoria al Premio Municipal de la Juventud 2025, que reconocer\u00e1 a 13 j\u00f3venes destacados en diferentes \u00e1reas de desarrollo, con una bolsa de 260 mil pesos en premios, distribuidos en dos categor\u00edas.<\/p>\n<p aria-hidden=\"true\">\n<p>Francisco Villaescusa Carrillo, director del IHJ, inform\u00f3 que, a partir de este 18 de agosto y hasta el 20 de septiembre, estar\u00e1n abiertas las inscripciones en l\u00ednea, disponibles a trav\u00e9s de las redes sociales oficiales del Instituto, donde tambi\u00e9n se podr\u00e1n consultar las bases y requisitos.<\/p>\n<p aria-hidden=\"true\">\n<p>Villaescusa Carrillo dijo que est\u00e1n muy contentos de lanzar esta convocatoria, porque buscan a j\u00f3venes que est\u00e9n haciendo la diferencia en Hermosillo, ya sea en sus comunidades, escuelas o entornos sociales.<\/p>\n<p aria-hidden=\"true\">\n<p>\u201cTodo joven que pase por el instituto tiene que pasar y salir diferente, entonces buscamos que el que se inscriba, aunque no seas el ganador, al final del d\u00eda pues algo bueno te vas a llevar. Buscamos que estos j\u00f3venes se capaciten, que a lo mejor si traen dudas en c\u00f3mo hacer cierta cosa de su organizaci\u00f3n, de su causa, nosotros ser el medio para enfocarlo y encarrilarlo, durante y despu\u00e9s darle seguimiento a todos los que est\u00e1n haciendo algo bueno, que est\u00e1n buscando algo bueno para su ciudad, para sus compa\u00f1eros, para sus amigos\u201d, expres\u00f3.<\/p>\n<p aria-hidden=\"true\">\n<p>Por su parte, Eduardo Sotelo, subdirector del IHJ, explic\u00f3 que las y los participantes deber\u00e1n cumplir con requisitos como tener nacionalidad mexicana, ser originarios de Hermosillo o residir en la ciudad al menos desde hace un a\u00f1o, elegir una sola distinci\u00f3n, entregar documentaci\u00f3n tanto digital como en f\u00edsico en las oficinas del Instituto y grabar un video de m\u00e1ximo tres minutos, publicarlo en YouTube de manera p\u00fablica y exponer en \u00e9l sus motivos para ser galardonados.<\/p>\n<p aria-hidden=\"true\">\n<p>Los ganadores ser\u00e1n dados a conocer en el evento de premiaci\u00f3n el pr\u00f3ximo 16 de octubre de 2025, con la participaci\u00f3n de un jurado integrado por siete especialistas y representantes de la sociedad hermosillense, quienes evaluar\u00e1n las propuestas y trayectorias de las y los j\u00f3venes inscritos.<\/p>\n<p aria-hidden=\"true\">\n<p><b>Categor\u00edas y distinciones:<\/b><\/p>\n<p>Impulso (12 a 19 a\u00f1os)<\/p>\n<p>-Talento cient\u00edfico y tecnol\u00f3gico<\/p>\n<p>-Sustentabilidad y medio ambiente<\/p>\n<p>-Inclusi\u00f3n y discapacidad<\/p>\n<p>Arte y cultura<\/p>\n<p>-Creaci\u00f3n de contenido<\/p>\n<p>-Logro acad\u00e9mico<\/p>\n<p>Trascendencia (20 a 29 a\u00f1os)<\/p>\n<p>-Liderazgo ambiental<\/p>\n<p>-Impacto digital<\/p>\n<p>-Innovaci\u00f3n tecnol\u00f3gica<\/p>\n<p>-Acci\u00f3n inclusiva<\/p>\n<p>-Expresi\u00f3n art\u00edstica y cultural<\/p>\n<p>-Identidad y ra\u00edces<\/p>\n<p>-Juventud emprendedora<\/p>\n<p>Cada una de las 13 distinciones contempla un premio de 20 mil pesos.<\/p>\n","protected":false},"excerpt":{"rendered":"<p>Hermosillo, Sonora; 18 de agosto de 2025.-\u00a0El Instituto Hermosillense de la Juventud (IHJ) present\u00f3 la convocatoria al Premio Municipal de la Juventud 2025, que reconocer\u00e1 a 13 j\u00f3venes destacados en diferentes \u00e1reas de desarrollo, con una bolsa de 260 mil pesos en premios, distribuidos en dos categor\u00edas. Francisco Villaescusa Carrillo, director del IHJ, inform\u00f3 que, [&hellip;]<\/p>\n","protected":false},"author":2,"featured_media":227099,"comment_status":"closed","ping_status":"closed","sticky":false,"template":"","format":"standard","meta":{"footnotes":""},"categories":[178],"tags":[12869],"class_list":["post-227098","post","type-post","status-publish","format-standard","has-post-thumbnail","hentry","category-local","tag-local"],"jetpack_featured_media_url":"https:\/\/rnoticias.com.mx\/Portal\/wp-content\/uploads\/2025\/08\/descarga-5.png","amp_enabled":true,"_links":{"self":[{"href":"https:\/\/rnoticias.com.mx\/Portal\/wp-json\/wp\/v2\/posts\/227098","targetHints":{"allow":["GET"]}}],"collection":[{"href":"https:\/\/rnoticias.com.mx\/Portal\/wp-json\/wp\/v2\/posts"}],"about":[{"href":"https:\/\/rnoticias.com.mx\/Portal\/wp-json\/wp\/v2\/types\/post"}],"author":[{"embeddable":true,"href":"https:\/\/rnoticias.com.mx\/Portal\/wp-json\/wp\/v2\/users\/2"}],"replies":[{"embeddable":true,"href":"https:\/\/rnoticias.com.mx\/Portal\/wp-json\/wp\/v2\/comments?post=227098"}],"version-history":[{"count":1,"href":"https:\/\/rnoticias.com.mx\/Portal\/wp-json\/wp\/v2\/posts\/227098\/revisions"}],"predecessor-version":[{"id":227100,"href":"https:\/\/rnoticias.com.mx\/Portal\/wp-json\/wp\/v2\/posts\/227098\/revisions\/227100"}],"wp:featuredmedia":[{"embeddable":true,"href":"https:\/\/rnoticias.com.mx\/Portal\/wp-json\/wp\/v2\/media\/227099"}],"wp:attachment":[{"href":"https:\/\/rnoticias.com.mx\/Portal\/wp-json\/wp\/v2\/media?parent=227098"}],"wp:term":[{"taxonomy":"category","embeddable":true,"href":"https:\/\/rnoticias.com.mx\/Portal\/wp-json\/wp\/v2\/categories?post=227098"},{"taxonomy":"post_tag","embeddable":true,"href":"https:\/\/rnoticias.com.mx\/Portal\/wp-json\/wp\/v2\/tags?post=227098"}],"curies":[{"name":"wp","href":"https:\/\/api.w.org\/{rel}","templated":true}]}}