{"id":227050,"date":"2025-08-18T17:30:03","date_gmt":"2025-08-19T00:30:03","guid":{"rendered":"https:\/\/rnoticias.com.mx\/Portal\/?p=227050"},"modified":"2025-08-18T17:30:03","modified_gmt":"2025-08-19T00:30:03","slug":"violencia-en-estadios-enciende-las-alarmas-a-falta-de-10-meses-para-el-mundial","status":"publish","type":"post","link":"https:\/\/rnoticias.com.mx\/Portal\/2025\/08\/18\/violencia-en-estadios-enciende-las-alarmas-a-falta-de-10-meses-para-el-mundial\/","title":{"rendered":"Violencia en estadios enciende las alarmas a falta de 10 meses para el Mundial"},"content":{"rendered":"<p><strong>La violencia en el f\u00fatbol mexicano ha encendido las alarmas en el pa\u00eds<\/strong>, 10 meses antes de que comience la Copa del Mundo de 2026, con los partidos de la selecci\u00f3n nacional contra un rival a\u00fan por conocerse el 11 en el Estadio Azteca y el 18 en Guadalajara.<\/p>\n<p>Este fin de semana, en la quinta jornada del torneo Apertura,<strong>\u00a0una pelea entre aficionados en el Estadio de Guadalajara, sede mundialista, se sali\u00f3 de control y despert\u00f3 interrogantes<\/strong>\u00a0sobre la capacidad de M\u00e9xico para garantizar la armon\u00eda en los d\u00edas del Mundial que organiza ese pa\u00eds junto a Estados Unidos y Canad\u00e1.<\/p>\n<p>Despu\u00e9s de la derrota de Chivas de Guadalajara, 1-2 ante Ju\u00e1rez, un enfrentamiento dej\u00f3 varios heridos, entre ellos el hermano del delantero \u00c1ngel Zald\u00edvar, jugador de Ju\u00e1rez, quien sali\u00f3 de la trifulca con la nariz rota, seg\u00fan una foto publicada en redes sociales por el jugador.<\/p>\n<p>Un comunicado de las Chivas asegur\u00f3 que los involucrados en el altercado fueron identificados y detenidos por las autoridades de la polic\u00eda local; se le ofreci\u00f3 servicio m\u00e9dico a los golpeados y nadie hizo denuncias.<\/p>\n<p>El Estadio de Guadalajara recibir\u00e1 el 18 de junio a la selecci\u00f3n mexicana, que debutar\u00e1 el 11 en el Azteca.<\/p>\n<p>Si bien la Federaci\u00f3n Mexicana y la Liga Mx condenaron la violencia, no han podido contenerla. El s\u00e1bado,<strong>\u00a0en Monterrey, otra sede del Mundial 2026, hubo otra ri\u00f1a despu\u00e9s de la victoria del Am\u00e9rica, 1-3 sobre el Tigres UANL.<\/strong><\/p>\n<p>Un v\u00eddeo circulado en las redes muestra el momento en el que\u00a0<strong>un aficionado de Tigres patea la cabeza a uno de Am\u00e9rica que estaba derribado en el suelo.<\/strong><\/p>\n<p>Aunque el estadio que ser\u00e1 sede del Mundial en esa ciudad es el de los Rayados de Monterrey, no el de Tigres, hay preguntas por responder acerca de qu\u00e9 har\u00e1n las autoridades para que el Mundial transcurra en paz en el pa\u00eds.<\/p>\n<p>El pasado viernes el partido Puebla-San Luis comenz\u00f3 unos minutos tarde por un tiroteo en las afueras del estadio Cuauht\u00e9moc, sede del Puebla, que dej\u00f3 una mujer muerta y otra herida.<\/p>\n<p>&nbsp;<\/p>\n<p>&nbsp;<\/p>\n<p>Fuente: EFE<\/p>\n","protected":false},"excerpt":{"rendered":"<p>La violencia en el f\u00fatbol mexicano ha encendido las alarmas en el pa\u00eds, 10 meses antes de que comience la Copa del Mundo de 2026, con los partidos de la selecci\u00f3n nacional contra un rival a\u00fan por conocerse el 11 en el Estadio Azteca y el 18 en Guadalajara. Este fin de semana, en la [&hellip;]<\/p>\n","protected":false},"author":2,"featured_media":227051,"comment_status":"closed","ping_status":"closed","sticky":false,"template":"","format":"standard","meta":{"footnotes":""},"categories":[188,12870],"tags":[5231,12865],"class_list":["post-227050","post","type-post","status-publish","format-standard","has-post-thumbnail","hentry","category-deportes","category-destacadas","tag-deportes","tag-destacadas"],"jetpack_featured_media_url":"https:\/\/rnoticias.com.mx\/Portal\/wp-content\/uploads\/2025\/08\/66e45fe9d1522.png","amp_enabled":true,"_links":{"self":[{"href":"https:\/\/rnoticias.com.mx\/Portal\/wp-json\/wp\/v2\/posts\/227050","targetHints":{"allow":["GET"]}}],"collection":[{"href":"https:\/\/rnoticias.com.mx\/Portal\/wp-json\/wp\/v2\/posts"}],"about":[{"href":"https:\/\/rnoticias.com.mx\/Portal\/wp-json\/wp\/v2\/types\/post"}],"author":[{"embeddable":true,"href":"https:\/\/rnoticias.com.mx\/Portal\/wp-json\/wp\/v2\/users\/2"}],"replies":[{"embeddable":true,"href":"https:\/\/rnoticias.com.mx\/Portal\/wp-json\/wp\/v2\/comments?post=227050"}],"version-history":[{"count":1,"href":"https:\/\/rnoticias.com.mx\/Portal\/wp-json\/wp\/v2\/posts\/227050\/revisions"}],"predecessor-version":[{"id":227052,"href":"https:\/\/rnoticias.com.mx\/Portal\/wp-json\/wp\/v2\/posts\/227050\/revisions\/227052"}],"wp:featuredmedia":[{"embeddable":true,"href":"https:\/\/rnoticias.com.mx\/Portal\/wp-json\/wp\/v2\/media\/227051"}],"wp:attachment":[{"href":"https:\/\/rnoticias.com.mx\/Portal\/wp-json\/wp\/v2\/media?parent=227050"}],"wp:term":[{"taxonomy":"category","embeddable":true,"href":"https:\/\/rnoticias.com.mx\/Portal\/wp-json\/wp\/v2\/categories?post=227050"},{"taxonomy":"post_tag","embeddable":true,"href":"https:\/\/rnoticias.com.mx\/Portal\/wp-json\/wp\/v2\/tags?post=227050"}],"curies":[{"name":"wp","href":"https:\/\/api.w.org\/{rel}","templated":true}]}}