{"id":227047,"date":"2025-08-18T17:27:56","date_gmt":"2025-08-19T00:27:56","guid":{"rendered":"https:\/\/rnoticias.com.mx\/Portal\/?p=227047"},"modified":"2025-08-18T17:27:56","modified_gmt":"2025-08-19T00:27:56","slug":"un-exito-la-semana-de-la-ciencia-divertida-en-el-parque-infantil-de-dif-sonora","status":"publish","type":"post","link":"https:\/\/rnoticias.com.mx\/Portal\/2025\/08\/18\/un-exito-la-semana-de-la-ciencia-divertida-en-el-parque-infantil-de-dif-sonora\/","title":{"rendered":"Un \u00e9xito la Semana de la Ciencia Divertida en el Parque Infantil de DIF Sonora"},"content":{"rendered":"<p>Hermosillo, Sonora; 18 de agosto de 2025.- M\u00e1s de 150 ni\u00f1as y ni\u00f1os participaron en la Semana de la Ciencia Divertida, organizada por el Gobierno de Sonora a trav\u00e9s del Sistema DIF Sonora, en el Parque Infantil, donde disfrutaron de actividades dise\u00f1adas para despertar su curiosidad y acercarlos al conocimiento cient\u00edfico de manera divertida y accesible.<\/p>\n<p>Con el apoyo del Instituto Tecnol\u00f3gico de Hermosillo (ITH) y del Consejo Estatal de Ciencia y Tecnolog\u00eda (Coecyt), se ofrecieron talleres interactivos, experimentos pr\u00e1cticos y demostraciones que permitieron a las y los asistentes explorar, de manera pr\u00e1ctica, temas de ciencia, tecnolog\u00eda, innovaci\u00f3n, energ\u00edas renovables, medio ambiente y primeros auxilios, adaptados a su edad.<\/p>\n<p>Lizeth V\u00e1squez Ochoa, directora general del Sistema DIF Sonora, agradeci\u00f3 la colaboraci\u00f3n del ITH y el Coecyt, y destac\u00f3 la importancia de promover el aprendizaje fuera del aula, en entornos que fomenten la imaginaci\u00f3n, el trabajo en equipo y el pensamiento cr\u00edtico.<\/p>\n<p>Entre los temas abordados durante la semana se incluyeron energ\u00edas renovables, rob\u00f3tica con Legos, funcionamiento de aerogeneradores, impresi\u00f3n 3D, electr\u00f3nica, sustentabilidad y reciclaje, hornos solares, movilidad el\u00e9ctrica, cine 3D, simuladores de vuelo de drones, bobina de Tesla, aula de realidad virtual y primeros auxilios b\u00e1sicos.<\/p>\n<p>Las actividades se desarrollaron en distintas \u00e1reas del Parque Infantil, con din\u00e1micas adaptadas para diversos rangos de edad, lo que permiti\u00f3 la participaci\u00f3n tanto individual como en equipo. Madres y padres de familia expresaron su agradecimiento por la oportunidad de que sus hijas e hijos participaran de forma gratuita en este programa de actividades al estilo campamento de verano.<\/p>\n<p>Estas acciones forman parte de la estrategia del Gobierno de Sonora para acercar la ciencia y la tecnolog\u00eda a la ni\u00f1ez como herramientas de desarrollo social.<\/p>\n","protected":false},"excerpt":{"rendered":"<p>Hermosillo, Sonora; 18 de agosto de 2025.- M\u00e1s de 150 ni\u00f1as y ni\u00f1os participaron en la Semana de la Ciencia Divertida, organizada por el Gobierno de Sonora a trav\u00e9s del Sistema DIF Sonora, en el Parque Infantil, donde disfrutaron de actividades dise\u00f1adas para despertar su curiosidad y acercarlos al conocimiento cient\u00edfico de manera divertida y [&hellip;]<\/p>\n","protected":false},"author":2,"featured_media":227048,"comment_status":"closed","ping_status":"closed","sticky":false,"template":"","format":"standard","meta":{"footnotes":""},"categories":[12870,178],"tags":[12865,12869],"class_list":["post-227047","post","type-post","status-publish","format-standard","has-post-thumbnail","hentry","category-destacadas","category-local","tag-destacadas","tag-local"],"jetpack_featured_media_url":"https:\/\/rnoticias.com.mx\/Portal\/wp-content\/uploads\/2025\/08\/unnamed-55.jpg","amp_enabled":true,"_links":{"self":[{"href":"https:\/\/rnoticias.com.mx\/Portal\/wp-json\/wp\/v2\/posts\/227047","targetHints":{"allow":["GET"]}}],"collection":[{"href":"https:\/\/rnoticias.com.mx\/Portal\/wp-json\/wp\/v2\/posts"}],"about":[{"href":"https:\/\/rnoticias.com.mx\/Portal\/wp-json\/wp\/v2\/types\/post"}],"author":[{"embeddable":true,"href":"https:\/\/rnoticias.com.mx\/Portal\/wp-json\/wp\/v2\/users\/2"}],"replies":[{"embeddable":true,"href":"https:\/\/rnoticias.com.mx\/Portal\/wp-json\/wp\/v2\/comments?post=227047"}],"version-history":[{"count":1,"href":"https:\/\/rnoticias.com.mx\/Portal\/wp-json\/wp\/v2\/posts\/227047\/revisions"}],"predecessor-version":[{"id":227049,"href":"https:\/\/rnoticias.com.mx\/Portal\/wp-json\/wp\/v2\/posts\/227047\/revisions\/227049"}],"wp:featuredmedia":[{"embeddable":true,"href":"https:\/\/rnoticias.com.mx\/Portal\/wp-json\/wp\/v2\/media\/227048"}],"wp:attachment":[{"href":"https:\/\/rnoticias.com.mx\/Portal\/wp-json\/wp\/v2\/media?parent=227047"}],"wp:term":[{"taxonomy":"category","embeddable":true,"href":"https:\/\/rnoticias.com.mx\/Portal\/wp-json\/wp\/v2\/categories?post=227047"},{"taxonomy":"post_tag","embeddable":true,"href":"https:\/\/rnoticias.com.mx\/Portal\/wp-json\/wp\/v2\/tags?post=227047"}],"curies":[{"name":"wp","href":"https:\/\/api.w.org\/{rel}","templated":true}]}}