{"id":227026,"date":"2025-08-18T16:26:20","date_gmt":"2025-08-18T23:26:20","guid":{"rendered":"https:\/\/rnoticias.com.mx\/Portal\/?p=227026"},"modified":"2025-08-18T16:26:20","modified_gmt":"2025-08-18T23:26:20","slug":"este-sabado-sera-la-marcha-de-la-union-de-usuarios-vs-cfe-y-aguah","status":"publish","type":"post","link":"https:\/\/rnoticias.com.mx\/Portal\/2025\/08\/18\/este-sabado-sera-la-marcha-de-la-union-de-usuarios-vs-cfe-y-aguah\/","title":{"rendered":"Este s\u00e1bado ser\u00e1 la marcha de la Uni\u00f3n de Usuarios vs CFE y Aguah"},"content":{"rendered":"<p>Hermosillo, Sonora. La Uni\u00f3n de Usuarios de Hermosillo convoc\u00f3 a la ciudadan\u00eda a sumarse este s\u00e1bado 23 de agosto a una marcha-mitin en defensa del acceso a servicios b\u00e1sicos como la electricidad y el agua.<\/p>\n<p>&nbsp;<\/p>\n<p>Ignacio Peinado Luna, dirigente de la organizaci\u00f3n, explic\u00f3 que la movilizaci\u00f3n busca presionar a la Comisi\u00f3n Federal de Electricidad para que invierta en la modernizaci\u00f3n de la red de suministro, ya que los apagones prolongados afectan diariamente a miles de familias.<\/p>\n<p>&nbsp;<\/p>\n<p>\u201cAdem\u00e1s pediremos al Congreso del Estado elevar a rango constitucional el derecho a la energ\u00eda el\u00e9ctrica. La marcha iniciar\u00e1 a las 6:00 de la tarde en Matamoros y Colosio, avanzar\u00e1 dos cuadras y concluir\u00e1 en la colonia Centro.<\/p>\n<p>&nbsp;<\/p>\n<p>Peinado Luna subray\u00f3 que tambi\u00e9n exigir\u00e1n a Agua de Hermosillo garantizar un abasto digno, pues en el norte de la ciudad principalmente persisten fallas en presi\u00f3n y cortes recurrentes.<\/p>\n<p>&nbsp;<\/p>\n","protected":false},"excerpt":{"rendered":"<p>Hermosillo, Sonora. La Uni\u00f3n de Usuarios de Hermosillo convoc\u00f3 a la ciudadan\u00eda a sumarse este s\u00e1bado 23 de agosto a una marcha-mitin en defensa del acceso a servicios b\u00e1sicos como la electricidad y el agua. &nbsp; Ignacio Peinado Luna, dirigente de la organizaci\u00f3n, explic\u00f3 que la movilizaci\u00f3n busca presionar a la Comisi\u00f3n Federal de Electricidad [&hellip;]<\/p>\n","protected":false},"author":2,"featured_media":227027,"comment_status":"closed","ping_status":"closed","sticky":false,"template":"","format":"standard","meta":{"footnotes":""},"categories":[12870,178],"tags":[12865,12869],"class_list":["post-227026","post","type-post","status-publish","format-standard","has-post-thumbnail","hentry","category-destacadas","category-local","tag-destacadas","tag-local"],"jetpack_featured_media_url":"https:\/\/rnoticias.com.mx\/Portal\/wp-content\/uploads\/2025\/08\/f95d2fab-aa2a-4d87-9edd-bedee8e9d24b.jpg","amp_enabled":true,"_links":{"self":[{"href":"https:\/\/rnoticias.com.mx\/Portal\/wp-json\/wp\/v2\/posts\/227026","targetHints":{"allow":["GET"]}}],"collection":[{"href":"https:\/\/rnoticias.com.mx\/Portal\/wp-json\/wp\/v2\/posts"}],"about":[{"href":"https:\/\/rnoticias.com.mx\/Portal\/wp-json\/wp\/v2\/types\/post"}],"author":[{"embeddable":true,"href":"https:\/\/rnoticias.com.mx\/Portal\/wp-json\/wp\/v2\/users\/2"}],"replies":[{"embeddable":true,"href":"https:\/\/rnoticias.com.mx\/Portal\/wp-json\/wp\/v2\/comments?post=227026"}],"version-history":[{"count":1,"href":"https:\/\/rnoticias.com.mx\/Portal\/wp-json\/wp\/v2\/posts\/227026\/revisions"}],"predecessor-version":[{"id":227028,"href":"https:\/\/rnoticias.com.mx\/Portal\/wp-json\/wp\/v2\/posts\/227026\/revisions\/227028"}],"wp:featuredmedia":[{"embeddable":true,"href":"https:\/\/rnoticias.com.mx\/Portal\/wp-json\/wp\/v2\/media\/227027"}],"wp:attachment":[{"href":"https:\/\/rnoticias.com.mx\/Portal\/wp-json\/wp\/v2\/media?parent=227026"}],"wp:term":[{"taxonomy":"category","embeddable":true,"href":"https:\/\/rnoticias.com.mx\/Portal\/wp-json\/wp\/v2\/categories?post=227026"},{"taxonomy":"post_tag","embeddable":true,"href":"https:\/\/rnoticias.com.mx\/Portal\/wp-json\/wp\/v2\/tags?post=227026"}],"curies":[{"name":"wp","href":"https:\/\/api.w.org\/{rel}","templated":true}]}}