{"id":227023,"date":"2025-08-18T16:23:20","date_gmt":"2025-08-18T23:23:20","guid":{"rendered":"https:\/\/rnoticias.com.mx\/Portal\/?p=227023"},"modified":"2025-08-18T16:23:20","modified_gmt":"2025-08-18T23:23:20","slug":"no-a-las-favelas-del-infonavit-ctm-hermosillo-exige-vivienda-digna-para-los-trabajadores","status":"publish","type":"post","link":"https:\/\/rnoticias.com.mx\/Portal\/2025\/08\/18\/no-a-las-favelas-del-infonavit-ctm-hermosillo-exige-vivienda-digna-para-los-trabajadores\/","title":{"rendered":"\u00a1No a las favelas del Infonavit!: CTM Hermosillo exige vivienda digna para los trabajadores"},"content":{"rendered":"<p>A nombre de las y los Trabajadores Cetemistas de nuestro Municipio,<\/p>\n<p>Hacemos un LLAMADO URGENTE AL DI\u00c1LOGO con el Director Nacional del INFONAVIT Octavio Romero Oropeza.<\/p>\n<p>Tenemos una grave crisis de vivienda en Sonora, porque ya se han acumulado m\u00e1s de 200 mil Trabajadores que tienen derecho a un cr\u00e9dito del INFONAVIT, pero este cr\u00e9dito no lo ejercen porque no alcanza para comprar ni las casas m\u00e1s baratas de 750 mil pesos, esto debido a que desde hace siete largos a\u00f1os, desde el gobierno anterior, se elimin\u00f3 el Subsidio Federal que se otorgaba con nuestros impuestos, equivalente al 20% para la vivienda econ\u00f3mica nueva.<\/p>\n<p>Al no construir la vivienda econ\u00f3mica para los trabajadores de m\u00e1s bajos salarios, ahora en las casas viven \u201carrimados\u201d y en condiciones de hacinamiento, hasta dos o tres familias, con mayores \u00edndices de violencia intrafamiliar; los trabajadores ya no descansan y son menos productivos.<\/p>\n<p>Recordemos que el INFONAVIT es propiedad de las y los Trabajadores, porque se integra y se mantiene con el 5% diario del salario de todos los obreros del pa\u00eds, formando as\u00ed el fondo nacional de vivienda, que ya cuenta con m\u00e1s de dos millones cuatrocientos mil millones de pesos, recursos que aportan los patrones en favor de los trabajadores, para que se cumpla con nuestro derecho constitucional y humano a la vivienda. Pero el INFONAVIT no nos escucha.<\/p>\n<p>Reconocemos la buena disposici\u00f3n de la Presidenta Claudia Shienbaum Pardo para la construcci\u00f3n de al menos un mill\u00f3n de viviendas sociales dignas de 60 metros cuadrados en su gobierno, de las cuales 500 mil ser\u00e1n de Infonavit y la otra mitad de Conavi, para trabajadores informales. Estas casas tendr\u00e1n un precio de 550 mil pesos cada una, sin embargo:<\/p>\n<p>NO ESTAMOS DE ACUERDO en vivir en departamentos de cuatro pisos, todos amontonados, en m\u00f3dulos de 4 edificios, con una sola escalera para 16 familias. En fraccionamientos con m\u00f3dulos pegados unos a otros, sin suficientes \u00e1reas verdes comunes para el esparcimiento familiar seguro y sin suficientes cajones de estacionamiento, motivando conflictos entre vecinos. No tenemos la cultura de vivir en condominios.<\/p>\n<p>NO ESTAMOS DE ACUERDO que sean construidas de puro cemento o concreto armado, porque nuestro clima es extremoso, queremos que sean CASAS UNIFAMILIARES de ladrillo, de block o de materiales t\u00e9rmicos, que nos permitan ahorro de energ\u00eda.<\/p>\n<p>NO ESTAMOS DE ACUERDO que sean constructoras ajenas a Sonora, porque no conocen nuestras costumbres, porque no escuchan a los Trabajadores y no promueven el desarrollo regional de las constructoras de vivienda locales.<\/p>\n<p>RECONOCEMOS, ante la falta de subsidio federal, la colaboraci\u00f3n de los tres niveles de gobierno, para que el Gobierno federal aporte la tierra, el Estado apoye con los servicios de agua potable, energ\u00eda el\u00e9ctrica, drenaje y pavimentaci\u00f3n, asimismo los Municipios exenten el pago de impuestos, permisos y licencias en la construcci\u00f3n de vivienda social. A\u00fan hay \u00e1reas de oportunidad para lograr acuerdos con los due\u00f1os de grandes acaparamientos y latifundios de suelo urbano en unas cuantas manos, beneficiados con las obras, servicios p\u00fablicos y de equipamiento urbano, pagados con los impuestos de todos.<\/p>\n<p>SI ESTAMOS DE ACUERDO en la modalidad de renta con opci\u00f3n a compra.<\/p>\n<p>Pedimos la valiosa y urgente intervenci\u00f3n del Gobernador Alfonso Durazo ante la direcci\u00f3n Nacional del INFONAVIT para la atenci\u00f3n, apoyo y soluci\u00f3n de nuestras demandas.<\/p>\n","protected":false},"excerpt":{"rendered":"<p>A nombre de las y los Trabajadores Cetemistas de nuestro Municipio, Hacemos un LLAMADO URGENTE AL DI\u00c1LOGO con el Director Nacional del INFONAVIT Octavio Romero Oropeza. Tenemos una grave crisis de vivienda en Sonora, porque ya se han acumulado m\u00e1s de 200 mil Trabajadores que tienen derecho a un cr\u00e9dito del INFONAVIT, pero este cr\u00e9dito [&hellip;]<\/p>\n","protected":false},"author":2,"featured_media":227024,"comment_status":"closed","ping_status":"closed","sticky":false,"template":"","format":"standard","meta":{"footnotes":""},"categories":[12870,178],"tags":[12865,12869],"class_list":["post-227023","post","type-post","status-publish","format-standard","has-post-thumbnail","hentry","category-destacadas","category-local","tag-destacadas","tag-local"],"jetpack_featured_media_url":"https:\/\/rnoticias.com.mx\/Portal\/wp-content\/uploads\/2025\/08\/d6ae82c1-c4b3-435f-a07b-5fc45df00dc9.jpg","amp_enabled":true,"_links":{"self":[{"href":"https:\/\/rnoticias.com.mx\/Portal\/wp-json\/wp\/v2\/posts\/227023","targetHints":{"allow":["GET"]}}],"collection":[{"href":"https:\/\/rnoticias.com.mx\/Portal\/wp-json\/wp\/v2\/posts"}],"about":[{"href":"https:\/\/rnoticias.com.mx\/Portal\/wp-json\/wp\/v2\/types\/post"}],"author":[{"embeddable":true,"href":"https:\/\/rnoticias.com.mx\/Portal\/wp-json\/wp\/v2\/users\/2"}],"replies":[{"embeddable":true,"href":"https:\/\/rnoticias.com.mx\/Portal\/wp-json\/wp\/v2\/comments?post=227023"}],"version-history":[{"count":1,"href":"https:\/\/rnoticias.com.mx\/Portal\/wp-json\/wp\/v2\/posts\/227023\/revisions"}],"predecessor-version":[{"id":227025,"href":"https:\/\/rnoticias.com.mx\/Portal\/wp-json\/wp\/v2\/posts\/227023\/revisions\/227025"}],"wp:featuredmedia":[{"embeddable":true,"href":"https:\/\/rnoticias.com.mx\/Portal\/wp-json\/wp\/v2\/media\/227024"}],"wp:attachment":[{"href":"https:\/\/rnoticias.com.mx\/Portal\/wp-json\/wp\/v2\/media?parent=227023"}],"wp:term":[{"taxonomy":"category","embeddable":true,"href":"https:\/\/rnoticias.com.mx\/Portal\/wp-json\/wp\/v2\/categories?post=227023"},{"taxonomy":"post_tag","embeddable":true,"href":"https:\/\/rnoticias.com.mx\/Portal\/wp-json\/wp\/v2\/tags?post=227023"}],"curies":[{"name":"wp","href":"https:\/\/api.w.org\/{rel}","templated":true}]}}