{"id":227008,"date":"2025-08-18T13:23:21","date_gmt":"2025-08-18T20:23:21","guid":{"rendered":"https:\/\/rnoticias.com.mx\/Portal\/?p=227008"},"modified":"2025-08-18T13:23:21","modified_gmt":"2025-08-18T20:23:21","slug":"gobernador-durazo-impulsa-movilidad-con-bahia-de-pasajeros-en-el-aeropuerto-de-hermosillo","status":"publish","type":"post","link":"https:\/\/rnoticias.com.mx\/Portal\/2025\/08\/18\/gobernador-durazo-impulsa-movilidad-con-bahia-de-pasajeros-en-el-aeropuerto-de-hermosillo\/","title":{"rendered":"Gobernador Durazo impulsa movilidad con bah\u00eda de pasajeros en el Aeropuerto de Hermosillo"},"content":{"rendered":"<p>Hermosillo, Sonora; 18 de agosto de 2025.- Con el objetivo de que la movilidad de las personas usuarias del Aeropuerto Internacional de Hermosillo sea m\u00e1s accesible, segura y c\u00f3moda, el gobernador Alfonso Durazo activ\u00f3 una nueva bah\u00eda de ascenso y descenso de pasajeros.<\/p>\n<p>Construida en una primera etapa, el Gobierno de Sonora, a trav\u00e9s del Instituto de Movilidad y Transporte para el Estado de Sonora (IMTES), busca optimizar la movilidad de los m\u00e1s de dos millones de pasajeros locales, turistas y viajeros que cada a\u00f1o utilizan los diferentes sistemas de transporte, especialmente veh\u00edculos privados y de aplicaci\u00f3n.<\/p>\n<p>El coordinador ejecutivo del IMTES, Carlos Sosa Casta\u00f1eda, inform\u00f3 que la nueva bah\u00eda de ascenso y descenso de pasajeros fue dise\u00f1ada para mejorar la movilidad en el aeropuerto. Su capacidad es para 11 autos, los cuales podr\u00e1n permanecer por un tiempo m\u00e1ximo de cinco minutos.<\/p>\n<p>Destac\u00f3 que en esta primera etapa se pens\u00f3 en todas y todos: \u00e1rea de espera techada, bancas isqui\u00e1ticas, iluminaci\u00f3n para quienes viajan de noche y una banqueta con gu\u00eda podot\u00e1ctil para garantizar la seguridad de las personas con discapacidad visual.<\/p>\n<p>La nueva bah\u00eda tambi\u00e9n incluye protecciones para peatones, ciclov\u00eda, estacionamiento para bicicletas y un jard\u00edn de lluvia que permitir\u00e1 la captaci\u00f3n de agua, contribuyendo al control de inundaciones.<\/p>\n","protected":false},"excerpt":{"rendered":"<p>Hermosillo, Sonora; 18 de agosto de 2025.- Con el objetivo de que la movilidad de las personas usuarias del Aeropuerto Internacional de Hermosillo sea m\u00e1s accesible, segura y c\u00f3moda, el gobernador Alfonso Durazo activ\u00f3 una nueva bah\u00eda de ascenso y descenso de pasajeros. Construida en una primera etapa, el Gobierno de Sonora, a trav\u00e9s del [&hellip;]<\/p>\n","protected":false},"author":2,"featured_media":227009,"comment_status":"closed","ping_status":"closed","sticky":false,"template":"","format":"standard","meta":{"footnotes":""},"categories":[12870,178],"tags":[12865,12869],"class_list":["post-227008","post","type-post","status-publish","format-standard","has-post-thumbnail","hentry","category-destacadas","category-local","tag-destacadas","tag-local"],"jetpack_featured_media_url":"https:\/\/rnoticias.com.mx\/Portal\/wp-content\/uploads\/2025\/08\/unnamed-53.jpg","amp_enabled":true,"_links":{"self":[{"href":"https:\/\/rnoticias.com.mx\/Portal\/wp-json\/wp\/v2\/posts\/227008","targetHints":{"allow":["GET"]}}],"collection":[{"href":"https:\/\/rnoticias.com.mx\/Portal\/wp-json\/wp\/v2\/posts"}],"about":[{"href":"https:\/\/rnoticias.com.mx\/Portal\/wp-json\/wp\/v2\/types\/post"}],"author":[{"embeddable":true,"href":"https:\/\/rnoticias.com.mx\/Portal\/wp-json\/wp\/v2\/users\/2"}],"replies":[{"embeddable":true,"href":"https:\/\/rnoticias.com.mx\/Portal\/wp-json\/wp\/v2\/comments?post=227008"}],"version-history":[{"count":1,"href":"https:\/\/rnoticias.com.mx\/Portal\/wp-json\/wp\/v2\/posts\/227008\/revisions"}],"predecessor-version":[{"id":227010,"href":"https:\/\/rnoticias.com.mx\/Portal\/wp-json\/wp\/v2\/posts\/227008\/revisions\/227010"}],"wp:featuredmedia":[{"embeddable":true,"href":"https:\/\/rnoticias.com.mx\/Portal\/wp-json\/wp\/v2\/media\/227009"}],"wp:attachment":[{"href":"https:\/\/rnoticias.com.mx\/Portal\/wp-json\/wp\/v2\/media?parent=227008"}],"wp:term":[{"taxonomy":"category","embeddable":true,"href":"https:\/\/rnoticias.com.mx\/Portal\/wp-json\/wp\/v2\/categories?post=227008"},{"taxonomy":"post_tag","embeddable":true,"href":"https:\/\/rnoticias.com.mx\/Portal\/wp-json\/wp\/v2\/tags?post=227008"}],"curies":[{"name":"wp","href":"https:\/\/api.w.org\/{rel}","templated":true}]}}