{"id":226985,"date":"2025-08-18T08:25:52","date_gmt":"2025-08-18T15:25:52","guid":{"rendered":"https:\/\/rnoticias.com.mx\/Portal\/?p=226985"},"modified":"2025-08-18T08:25:52","modified_gmt":"2025-08-18T15:25:52","slug":"beneficia-gobierno-de-sonora-a-ciudadanos-con-instalacion-de-modulo-de-repuve-en-puerto-penasco","status":"publish","type":"post","link":"https:\/\/rnoticias.com.mx\/Portal\/2025\/08\/18\/beneficia-gobierno-de-sonora-a-ciudadanos-con-instalacion-de-modulo-de-repuve-en-puerto-penasco\/","title":{"rendered":"Beneficia Gobierno de Sonora a ciudadanos con instalaci\u00f3n de m\u00f3dulo de Repuve en Puerto Pe\u00f1asco"},"content":{"rendered":"<p>Puerto Pe\u00f1asco, Sonora; 18 de agosto de 2025.- Del 18 al 22 de agosto, el Gobierno de Sonora instalar\u00e1 el m\u00f3dulo itinerante del Registro P\u00fablico Vehicular (Repuve) en Puerto Pe\u00f1asco para apoyar a personas interesadas en regularizar su autom\u00f3vil usado de procedencia extranjera.<\/p>\n<p>Para beneficiar a la ciudadan\u00eda, la Secretar\u00eda de Seguridad P\u00fablica (SSP) recorre con la unidad m\u00f3vil de Repuve los diferentes municipios de la entidad, cumpliendo as\u00ed con el compromiso de acercar programas y servicios hasta sus localidades.<\/p>\n<p>&nbsp;<\/p>\n<p>Por ello, hace un llamado para que a partir de ma\u00f1ana, habitantes de Puerto Pe\u00f1asco aprovechen la estancia de Repuve y realicen el tr\u00e1mite de regularizaci\u00f3n que brinda certeza legal de propiedad.<\/p>\n<p>La ubicaci\u00f3n del la unidad m\u00f3vil estar\u00e1 ubicada en Centro Comunitario Obrera en calle Plan de Iguala y callej\u00f3n 30 de la colonia Obrera en horario de de 8:00 a 15:00 horas.<\/p>\n<p>Se recuerda a las personas sobre la importancia de agendar cita para llevar a cabo el proceso,\u00a0exclusivamente a trav\u00e9s del portal oficial:\u00a0<a href=\"https:\/\/regularizaauto.sspc.gob.mx\/\" target=\"_blank\" rel=\"noopener\" data-saferedirecturl=\"https:\/\/www.google.com\/url?q=https:\/\/regularizaauto.sspc.gob.mx\/&amp;source=gmail&amp;ust=1755614472662000&amp;usg=AOvVaw213eTN_v3vGsFYwcnd7YIr\">https:\/\/regularizaauto.sspc.<wbr \/>gob.mx\/<\/a>.<\/p>\n","protected":false},"excerpt":{"rendered":"<p>Puerto Pe\u00f1asco, Sonora; 18 de agosto de 2025.- Del 18 al 22 de agosto, el Gobierno de Sonora instalar\u00e1 el m\u00f3dulo itinerante del Registro P\u00fablico Vehicular (Repuve) en Puerto Pe\u00f1asco para apoyar a personas interesadas en regularizar su autom\u00f3vil usado de procedencia extranjera. Para beneficiar a la ciudadan\u00eda, la Secretar\u00eda de Seguridad P\u00fablica (SSP) recorre [&hellip;]<\/p>\n","protected":false},"author":2,"featured_media":226986,"comment_status":"closed","ping_status":"closed","sticky":false,"template":"","format":"standard","meta":{"footnotes":""},"categories":[12870,174],"tags":[12865,12873],"class_list":["post-226985","post","type-post","status-publish","format-standard","has-post-thumbnail","hentry","category-destacadas","category-estatal","tag-destacadas","tag-estatal"],"jetpack_featured_media_url":"https:\/\/rnoticias.com.mx\/Portal\/wp-content\/uploads\/2025\/08\/unnamed-52.jpg","amp_enabled":true,"_links":{"self":[{"href":"https:\/\/rnoticias.com.mx\/Portal\/wp-json\/wp\/v2\/posts\/226985","targetHints":{"allow":["GET"]}}],"collection":[{"href":"https:\/\/rnoticias.com.mx\/Portal\/wp-json\/wp\/v2\/posts"}],"about":[{"href":"https:\/\/rnoticias.com.mx\/Portal\/wp-json\/wp\/v2\/types\/post"}],"author":[{"embeddable":true,"href":"https:\/\/rnoticias.com.mx\/Portal\/wp-json\/wp\/v2\/users\/2"}],"replies":[{"embeddable":true,"href":"https:\/\/rnoticias.com.mx\/Portal\/wp-json\/wp\/v2\/comments?post=226985"}],"version-history":[{"count":1,"href":"https:\/\/rnoticias.com.mx\/Portal\/wp-json\/wp\/v2\/posts\/226985\/revisions"}],"predecessor-version":[{"id":226987,"href":"https:\/\/rnoticias.com.mx\/Portal\/wp-json\/wp\/v2\/posts\/226985\/revisions\/226987"}],"wp:featuredmedia":[{"embeddable":true,"href":"https:\/\/rnoticias.com.mx\/Portal\/wp-json\/wp\/v2\/media\/226986"}],"wp:attachment":[{"href":"https:\/\/rnoticias.com.mx\/Portal\/wp-json\/wp\/v2\/media?parent=226985"}],"wp:term":[{"taxonomy":"category","embeddable":true,"href":"https:\/\/rnoticias.com.mx\/Portal\/wp-json\/wp\/v2\/categories?post=226985"},{"taxonomy":"post_tag","embeddable":true,"href":"https:\/\/rnoticias.com.mx\/Portal\/wp-json\/wp\/v2\/tags?post=226985"}],"curies":[{"name":"wp","href":"https:\/\/api.w.org\/{rel}","templated":true}]}}