{"id":226982,"date":"2025-08-18T08:24:22","date_gmt":"2025-08-18T15:24:22","guid":{"rendered":"https:\/\/rnoticias.com.mx\/Portal\/?p=226982"},"modified":"2025-08-18T08:24:22","modified_gmt":"2025-08-18T15:24:22","slug":"mexico-tiene-el-indice-de-pobreza-mas-bajo-en-40-anos-claudia-sheinbaum","status":"publish","type":"post","link":"https:\/\/rnoticias.com.mx\/Portal\/2025\/08\/18\/mexico-tiene-el-indice-de-pobreza-mas-bajo-en-40-anos-claudia-sheinbaum\/","title":{"rendered":"\u2018M\u00e9xico tiene el \u00edndice de pobreza m\u00e1s bajo en 40 a\u00f1os\u2019: Claudia Sheinbaum"},"content":{"rendered":"<p>La presidenta\u00a0<strong>Claudia Sheinbaum<\/strong>\u00a0asegur\u00f3 este domingo que el\u00a0<strong>\u00edndice de pobreza en M\u00e9xico<\/strong>\u00a0est\u00e1 en su nivel m\u00e1s bajo desde los \u00faltimos 40 a\u00f1os, calificando esta disminuci\u00f3n como una haza\u00f1a del movimiento denominado la\u00a0<strong>Cuarta Transformaci\u00f3n<\/strong>.<\/p>\n<p>Luego de inaugurar la\u00a0<strong>Unidad de Medicina Familiar 93<\/strong>\u00a0(UMF), en el poblado de Cerro Gordo, en Ecatepec, Sheinbaum explic\u00f3 que lo ocurrido en estos seis a\u00f1os \u00faltimos fue que en el pa\u00eds se cambi\u00f3 el modelo de desarrollo, el cual se centr\u00f3 en el aumento hist\u00f3rico del<strong>\u00a0salario m\u00ednimo<\/strong>, donde se duplic\u00f3 el valor real en s\u00f3lo seis a\u00f1os sin provocar inflaci\u00f3n.<\/p>\n<p>Adem\u00e1s, refiri\u00f3 que se consolidaron los\u00a0<strong>programas de bienestar<\/strong>\u00a0universales,\u00a0tales como la pensi\u00f3n para adultos mayores, becas para estudiantes, apoyos a personas con discapacidad y a campesinos. Dijo que tambi\u00e9n se han tenido\u00a0<strong>inversiones p\u00fablicas<\/strong>\u00a0que han detonado el desarrollo como infraestructura estrat\u00e9gica de movilidad como el Tren Maya, el Corredor Interoce\u00e1nico, la refiner\u00eda de Dos Bocas y el impulso de la inversi\u00f3n privada.<\/p>\n<p>&nbsp;<\/p>\n<p>&nbsp;<\/p>\n<p>Fuente: Milenio<\/p>\n","protected":false},"excerpt":{"rendered":"<p>La presidenta\u00a0Claudia Sheinbaum\u00a0asegur\u00f3 este domingo que el\u00a0\u00edndice de pobreza en M\u00e9xico\u00a0est\u00e1 en su nivel m\u00e1s bajo desde los \u00faltimos 40 a\u00f1os, calificando esta disminuci\u00f3n como una haza\u00f1a del movimiento denominado la\u00a0Cuarta Transformaci\u00f3n. Luego de inaugurar la\u00a0Unidad de Medicina Familiar 93\u00a0(UMF), en el poblado de Cerro Gordo, en Ecatepec, Sheinbaum explic\u00f3 que lo ocurrido en estos [&hellip;]<\/p>\n","protected":false},"author":2,"featured_media":226983,"comment_status":"closed","ping_status":"closed","sticky":false,"template":"","format":"standard","meta":{"footnotes":""},"categories":[12870,12868],"tags":[12865,12879],"class_list":["post-226982","post","type-post","status-publish","format-standard","has-post-thumbnail","hentry","category-destacadas","category-politica","tag-destacadas","tag-politica"],"jetpack_featured_media_url":"https:\/\/rnoticias.com.mx\/Portal\/wp-content\/uploads\/2025\/08\/Mexico-tiene-el-porcentaje-de-pobres-mas-bajo-en-40-anos-Sheinbaum.png","amp_enabled":true,"_links":{"self":[{"href":"https:\/\/rnoticias.com.mx\/Portal\/wp-json\/wp\/v2\/posts\/226982","targetHints":{"allow":["GET"]}}],"collection":[{"href":"https:\/\/rnoticias.com.mx\/Portal\/wp-json\/wp\/v2\/posts"}],"about":[{"href":"https:\/\/rnoticias.com.mx\/Portal\/wp-json\/wp\/v2\/types\/post"}],"author":[{"embeddable":true,"href":"https:\/\/rnoticias.com.mx\/Portal\/wp-json\/wp\/v2\/users\/2"}],"replies":[{"embeddable":true,"href":"https:\/\/rnoticias.com.mx\/Portal\/wp-json\/wp\/v2\/comments?post=226982"}],"version-history":[{"count":1,"href":"https:\/\/rnoticias.com.mx\/Portal\/wp-json\/wp\/v2\/posts\/226982\/revisions"}],"predecessor-version":[{"id":226984,"href":"https:\/\/rnoticias.com.mx\/Portal\/wp-json\/wp\/v2\/posts\/226982\/revisions\/226984"}],"wp:featuredmedia":[{"embeddable":true,"href":"https:\/\/rnoticias.com.mx\/Portal\/wp-json\/wp\/v2\/media\/226983"}],"wp:attachment":[{"href":"https:\/\/rnoticias.com.mx\/Portal\/wp-json\/wp\/v2\/media?parent=226982"}],"wp:term":[{"taxonomy":"category","embeddable":true,"href":"https:\/\/rnoticias.com.mx\/Portal\/wp-json\/wp\/v2\/categories?post=226982"},{"taxonomy":"post_tag","embeddable":true,"href":"https:\/\/rnoticias.com.mx\/Portal\/wp-json\/wp\/v2\/tags?post=226982"}],"curies":[{"name":"wp","href":"https:\/\/api.w.org\/{rel}","templated":true}]}}