{"id":226977,"date":"2025-08-18T07:53:26","date_gmt":"2025-08-18T14:53:26","guid":{"rendered":"https:\/\/rnoticias.com.mx\/Portal\/?p=226977"},"modified":"2025-08-18T07:53:26","modified_gmt":"2025-08-18T14:53:26","slug":"ninel-conde-es-la-tercera-eliminada-de-lcdlf","status":"publish","type":"post","link":"https:\/\/rnoticias.com.mx\/Portal\/2025\/08\/18\/ninel-conde-es-la-tercera-eliminada-de-lcdlf\/","title":{"rendered":"Ninel Conde es la tercera eliminada de LCDLF"},"content":{"rendered":"<p><strong>Ninel Conde<\/strong>\u00a0se convirti\u00f3 en la tercera\u00a0<strong>eliminada<\/strong>\u00a0de\u00a0<strong>La Casa de Los Famosos M\u00e9xico<\/strong>\u00a02025, lo que caus\u00f3 sorpresa tanto a todos los habitantes como a muchos televidentes.<\/p>\n<p>Durante la nominaci\u00f3n,\u00a0<strong>Alexis Ayala<\/strong>\u00a0hab\u00eda recibido la mayor\u00eda de los posicionamientos y en su segunda semana consecutiva dependiendo del voto del p\u00fablico para permanecer en la competencia por los cuatro millones de pesos que se llevar\u00e1 el ganador del reality, sin embargo, Ninel no obtuvo la mayor\u00eda de\u00a0<strong>votos<\/strong>\u00a0para poder salvarse.<\/p>\n<p>Recordemos que los\u00a0<strong>nominados<\/strong>\u00a0en esta tercera semana fueron Facundo, Ninel Conde, Mar Contreras, Alexis Ayala y Guana, este \u00faltimo fue el primero en ser salvado gracias a sus seguidores. Las votaciones estuvieron muy parejas, y con los comentarios en redes sociales se pod\u00eda intuir que el tercer eliminado ser\u00eda una decisi\u00f3n muy re\u00f1ida.<\/p>\n<p>Tras su salida y en entrevista con Galilea Montijo, Conde explic\u00f3 que los &#8220;tiempos de Dios son perfectos&#8221; y agradeci\u00f3 salir en este momento antes de &#8220;regarla&#8221;, mientras que en la postgala, no pudo contener las l\u00e1grimas al ver a Elaine Haro completamente devastada por su partida, lo que evidenci\u00f3 el fuerte v\u00ednculo que ambas construyeron dentro de LCDLF.<\/p>\n<p>&nbsp;<\/p>\n<p>&nbsp;<\/p>\n<p>Fuente: El Universal<\/p>\n","protected":false},"excerpt":{"rendered":"<p>Ninel Conde\u00a0se convirti\u00f3 en la tercera\u00a0eliminada\u00a0de\u00a0La Casa de Los Famosos M\u00e9xico\u00a02025, lo que caus\u00f3 sorpresa tanto a todos los habitantes como a muchos televidentes. Durante la nominaci\u00f3n,\u00a0Alexis Ayala\u00a0hab\u00eda recibido la mayor\u00eda de los posicionamientos y en su segunda semana consecutiva dependiendo del voto del p\u00fablico para permanecer en la competencia por los cuatro millones de [&hellip;]<\/p>\n","protected":false},"author":2,"featured_media":226978,"comment_status":"closed","ping_status":"closed","sticky":false,"template":"","format":"standard","meta":{"footnotes":""},"categories":[12870,219],"tags":[12865,12875],"class_list":["post-226977","post","type-post","status-publish","format-standard","has-post-thumbnail","hentry","category-destacadas","category-espectaculos","tag-destacadas","tag-espectaculos"],"jetpack_featured_media_url":"https:\/\/rnoticias.com.mx\/Portal\/wp-content\/uploads\/2025\/08\/ninel_conde_lcdlf.webp","amp_enabled":true,"_links":{"self":[{"href":"https:\/\/rnoticias.com.mx\/Portal\/wp-json\/wp\/v2\/posts\/226977","targetHints":{"allow":["GET"]}}],"collection":[{"href":"https:\/\/rnoticias.com.mx\/Portal\/wp-json\/wp\/v2\/posts"}],"about":[{"href":"https:\/\/rnoticias.com.mx\/Portal\/wp-json\/wp\/v2\/types\/post"}],"author":[{"embeddable":true,"href":"https:\/\/rnoticias.com.mx\/Portal\/wp-json\/wp\/v2\/users\/2"}],"replies":[{"embeddable":true,"href":"https:\/\/rnoticias.com.mx\/Portal\/wp-json\/wp\/v2\/comments?post=226977"}],"version-history":[{"count":1,"href":"https:\/\/rnoticias.com.mx\/Portal\/wp-json\/wp\/v2\/posts\/226977\/revisions"}],"predecessor-version":[{"id":226979,"href":"https:\/\/rnoticias.com.mx\/Portal\/wp-json\/wp\/v2\/posts\/226977\/revisions\/226979"}],"wp:featuredmedia":[{"embeddable":true,"href":"https:\/\/rnoticias.com.mx\/Portal\/wp-json\/wp\/v2\/media\/226978"}],"wp:attachment":[{"href":"https:\/\/rnoticias.com.mx\/Portal\/wp-json\/wp\/v2\/media?parent=226977"}],"wp:term":[{"taxonomy":"category","embeddable":true,"href":"https:\/\/rnoticias.com.mx\/Portal\/wp-json\/wp\/v2\/categories?post=226977"},{"taxonomy":"post_tag","embeddable":true,"href":"https:\/\/rnoticias.com.mx\/Portal\/wp-json\/wp\/v2\/tags?post=226977"}],"curies":[{"name":"wp","href":"https:\/\/api.w.org\/{rel}","templated":true}]}}