{"id":226909,"date":"2025-08-16T11:14:34","date_gmt":"2025-08-16T18:14:34","guid":{"rendered":"https:\/\/rnoticias.com.mx\/Portal\/?p=226909"},"modified":"2025-08-16T11:14:34","modified_gmt":"2025-08-16T18:14:34","slug":"el-ine-no-es-una-institucion-onerosa-asevera-consejero-uuc-kib-espadas","status":"publish","type":"post","link":"https:\/\/rnoticias.com.mx\/Portal\/2025\/08\/16\/el-ine-no-es-una-institucion-onerosa-asevera-consejero-uuc-kib-espadas\/","title":{"rendered":"El INE &#8220;no es una instituci\u00f3n onerosa&#8221;, asevera consejero Uuc-kib Espadas"},"content":{"rendered":"<p class=\"nota-justify\"><i>Ciudad de M\u00e9xico.\u00a0<\/i>\u201cEl Instituto Nacional Electoral (INE) no es una instituci\u00f3n onerosa\u201d, asever\u00f3 el consejero Uuc-kib Espadas, durante la presentaci\u00f3n del anteproyecto presupuestal 2026 de este \u00f3rgano, cuya petici\u00f3n general asciende a 18 mil 159 millones de pesos, m\u00e1s 7 mil 737 millones de financiamiento a los seis partidos pol\u00edticos nacionales.<\/p>\n<p class=\"nota-justify\">Es decir, el INE pedir\u00e1 a la C\u00e1mara de Diputados una bolsa general de 25 mil 896 millones de pesos.<\/p>\n<p class=\"nota-justify\">Se\u00f1al\u00f3 que pretender que el \u00f3rgano opere con la \u201cprecariedad\u201d con la que mont\u00f3 la elecci\u00f3n judicial de junio pasado, con casi la mitad de las casillas habituales, \u201cno llenar\u00eda la racionalidad pol\u00edtica y no llenar\u00eda la racionalidad a secas\u201d.<\/p>\n<p class=\"nota-justify\">Durante la sesi\u00f3n de la comisi\u00f3n temporal de Presupuesto, el representante de Morena, Jaime Casta\u00f1eda, pidi\u00f3 hacer un esfuerzo de austeridad y reproch\u00f3 que algunos funcionarios del INE sigan ganando m\u00e1s que la Presidenta de la Rep\u00fablica, que es un tope constitucional.<\/p>\n<p class=\"nota-justify\">Se\u00f1al\u00f3 que fue lamentable la confrontaci\u00f3n de la integraci\u00f3n anterior del consejo general del INE con la C\u00e1mara de Diputados al grado de acudir a tribunales a litigar para tener m\u00e1s recursos, intentando coartar la soberan\u00eda del Congreso de la Uni\u00f3n, m\u00e1ximo \u00f3rgano de decisi\u00f3n presupuestal del pa\u00eds.<\/p>\n<p class=\"nota-justify\">Por ello confi\u00f3 en que esto no vuelva a ocurrir.<\/p>\n<p class=\"nota-justify\">Asimismo reproch\u00f3 que el anteproyecto presupuestal siga siendo confuso porque, por ejemplo, lo relativo al tema inform\u00e1tico \u201cest\u00e1 regado en todas las \u00e1reas\u201d, y as\u00ed se presenta al legislativo, el cual \u201cno tiene la obligaci\u00f3n de priorizar al INE como si fuera centro del universo\u201d.<\/p>\n<p class=\"nota-justify\">En tanto, Alvaro Marvaez, representante del PAN, dijo que se espera que la C\u00e1mara de Diputados no cometa el error de generar un \u201crecorte indiscriminado\u201d al \u00f3rgano.<\/p>\n<p class=\"nota-justify\">Tambi\u00e9n agradeci\u00f3 al \u00e1rea administrativa del INE \u2013 tal como lo hicieron los enviados de Movimiento Ciudadano y del Partido Verde- porque acept\u00f3 corregir aspectos de n\u00f3mina para las oficinas de las representaciones partidistas en el consejo general. \u201cSeguridad laboral para nuestro personal\u201d, se dijo sin ofrecer detalles.<\/p>\n<p class=\"nota-justify\">Antes, en su intervenci\u00f3n, el consejero Espadas dijo que si se toma en cuenta que el INE garantiza elecciones \u00edntegras, lo que pide \u201ces verdaderamente un gasto muy menor\u201d.<\/p>\n<p class=\"nota-justify\">Argument\u00f3 que el costo del INE del a\u00f1o pasado fue el equivalente al 0.2 por ciento del Presupuesto de Egresos de la Federaci\u00f3n (PEF), por lo que es un \u201cgran ment\u00eds\u201d, al estilo Goebbels, de que una mentira repetida se vuelve verdad, que el INE sea una instituci\u00f3n onerosa.<\/p>\n<p class=\"nota-justify\">Adem\u00e1s, se\u00f1al\u00f3 el consejero, el INE da servicios a los ciudadanos que no proporciona ning\u00fan \u00f3rgano electoral del mundo, al tiempo que las prerrogativas permiten a los partidos tener personal especializado con salarios \u201cadecuados\u201d.<\/p>\n<p class=\"nota-justify\">Los detalles de este plan ser\u00e1n aprobados m\u00e1s tarde durante la sesi\u00f3n de la Junta General Ejecutiva, programada para las diez de la noche de hoy (viernes), a fin de llevarlos al visto bueno del consejo general el pr\u00f3ximo lunes 18 de agosto.<\/p>\n<p class=\"nota-justify\">Como se ha difundido, el INE tom\u00f3 en cuenta para los c\u00e1lculos un tipo de cambio de 20.56 pesos por d\u00f3lar y una inflaci\u00f3n anual de 3.62 puntos.<\/p>\n<p>&nbsp;<\/p>\n<p>&nbsp;<\/p>\n<p>La Jornada<\/p>\n","protected":false},"excerpt":{"rendered":"<p>Ciudad de M\u00e9xico.\u00a0\u201cEl Instituto Nacional Electoral (INE) no es una instituci\u00f3n onerosa\u201d, asever\u00f3 el consejero Uuc-kib Espadas, durante la presentaci\u00f3n del anteproyecto presupuestal 2026 de este \u00f3rgano, cuya petici\u00f3n general asciende a 18 mil 159 millones de pesos, m\u00e1s 7 mil 737 millones de financiamiento a los seis partidos pol\u00edticos nacionales. Es decir, el INE [&hellip;]<\/p>\n","protected":false},"author":2,"featured_media":226910,"comment_status":"closed","ping_status":"closed","sticky":false,"template":"","format":"standard","meta":{"footnotes":""},"categories":[12870,12868],"tags":[12865,12879],"class_list":["post-226909","post","type-post","status-publish","format-standard","has-post-thumbnail","hentry","category-destacadas","category-politica","tag-destacadas","tag-politica"],"jetpack_featured_media_url":"https:\/\/rnoticias.com.mx\/Portal\/wp-content\/uploads\/2025\/08\/Uuc-kib-Espadas.png","amp_enabled":true,"_links":{"self":[{"href":"https:\/\/rnoticias.com.mx\/Portal\/wp-json\/wp\/v2\/posts\/226909","targetHints":{"allow":["GET"]}}],"collection":[{"href":"https:\/\/rnoticias.com.mx\/Portal\/wp-json\/wp\/v2\/posts"}],"about":[{"href":"https:\/\/rnoticias.com.mx\/Portal\/wp-json\/wp\/v2\/types\/post"}],"author":[{"embeddable":true,"href":"https:\/\/rnoticias.com.mx\/Portal\/wp-json\/wp\/v2\/users\/2"}],"replies":[{"embeddable":true,"href":"https:\/\/rnoticias.com.mx\/Portal\/wp-json\/wp\/v2\/comments?post=226909"}],"version-history":[{"count":1,"href":"https:\/\/rnoticias.com.mx\/Portal\/wp-json\/wp\/v2\/posts\/226909\/revisions"}],"predecessor-version":[{"id":226911,"href":"https:\/\/rnoticias.com.mx\/Portal\/wp-json\/wp\/v2\/posts\/226909\/revisions\/226911"}],"wp:featuredmedia":[{"embeddable":true,"href":"https:\/\/rnoticias.com.mx\/Portal\/wp-json\/wp\/v2\/media\/226910"}],"wp:attachment":[{"href":"https:\/\/rnoticias.com.mx\/Portal\/wp-json\/wp\/v2\/media?parent=226909"}],"wp:term":[{"taxonomy":"category","embeddable":true,"href":"https:\/\/rnoticias.com.mx\/Portal\/wp-json\/wp\/v2\/categories?post=226909"},{"taxonomy":"post_tag","embeddable":true,"href":"https:\/\/rnoticias.com.mx\/Portal\/wp-json\/wp\/v2\/tags?post=226909"}],"curies":[{"name":"wp","href":"https:\/\/api.w.org\/{rel}","templated":true}]}}