{"id":226903,"date":"2025-08-16T10:47:10","date_gmt":"2025-08-16T17:47:10","guid":{"rendered":"https:\/\/rnoticias.com.mx\/Portal\/?p=226903"},"modified":"2025-08-16T10:47:10","modified_gmt":"2025-08-16T17:47:10","slug":"de-manera-transparente-gobierno-de-sonora-realiza-asignacion-de-cargos-directivos-en-cecyte","status":"publish","type":"post","link":"https:\/\/rnoticias.com.mx\/Portal\/2025\/08\/16\/de-manera-transparente-gobierno-de-sonora-realiza-asignacion-de-cargos-directivos-en-cecyte\/","title":{"rendered":"De manera transparente, Gobierno de Sonora realiza asignaci\u00f3n de cargos directivos en Cecyte"},"content":{"rendered":"<p>Hermosillo, Sonora; 16 de agosto de 2025.- En cumplimiento con los principios de transparencia y legalidad, el Gobierno de Sonora, a trav\u00e9s del Colegio de Estudios Cient\u00edficos y Tecnol\u00f3gicos del Estado de Sonora (Cecyte), realiz\u00f3 el Proceso de Promoci\u00f3n a Cargos con Funci\u00f3n Directiva o de Supervisi\u00f3n correspondiente al ciclo escolar 2025-2026.<\/p>\n<p>Este ejercicio forma parte de los mecanismos establecidos para fortalecer el desarrollo profesional del personal docente en el nivel de Educaci\u00f3n Media Superior. Los puestos asignados incluyen funciones de docencia, direcci\u00f3n, subdirecci\u00f3n y supervisi\u00f3n, distribuidos en los diversos planteles donde Cecyte Sonora tiene presencia en el estado.<\/p>\n<p>La ceremonia de asignaci\u00f3n fue encabezada por la directora general de Cecyte Sonora, Blanca Aurelia Valenzuela, y el secretario general de Sitcecytes, Ram\u00f3n Gast\u00e9lum, contando con la presencia de autoridades representantes de Usicammes, Secretar\u00eda de Educaci\u00f3n P\u00fablica y Secretar\u00eda de Educaci\u00f3n y Cultura.<\/p>\n<p>La funcionaria destac\u00f3 que esta distribuci\u00f3n busca garantizar una cobertura equitativa en las diferentes regiones, atendiendo las necesidades acad\u00e9micas y administrativas de cada centro educativo.<\/p>\n<p>El evento cont\u00f3 con la participaci\u00f3n de 143 sustentantes, quienes formaron parte del proceso mediante una evaluaci\u00f3n previa y fueron integrados a la lista de prelaci\u00f3n. Esta lista sirvi\u00f3 como base para asignar los cargos disponibles en distintas funciones, en estricto orden y conforme a la normativa vigente.<\/p>\n<p>Este proceso reafirma el compromiso del Gobierno del Estado con la mejora continua del sistema educativo. A trav\u00e9s de estos mecanismos, se impulsa una gesti\u00f3n m\u00e1s eficiente y se asegura que los cargos directivos sean ocupados por perfiles capacitados, comprometidos con la excelencia educativa.<\/p>\n","protected":false},"excerpt":{"rendered":"<p>Hermosillo, Sonora; 16 de agosto de 2025.- En cumplimiento con los principios de transparencia y legalidad, el Gobierno de Sonora, a trav\u00e9s del Colegio de Estudios Cient\u00edficos y Tecnol\u00f3gicos del Estado de Sonora (Cecyte), realiz\u00f3 el Proceso de Promoci\u00f3n a Cargos con Funci\u00f3n Directiva o de Supervisi\u00f3n correspondiente al ciclo escolar 2025-2026. Este ejercicio forma [&hellip;]<\/p>\n","protected":false},"author":2,"featured_media":226904,"comment_status":"closed","ping_status":"closed","sticky":false,"template":"","format":"standard","meta":{"footnotes":""},"categories":[12870,178],"tags":[12865,12869],"class_list":["post-226903","post","type-post","status-publish","format-standard","has-post-thumbnail","hentry","category-destacadas","category-local","tag-destacadas","tag-local"],"jetpack_featured_media_url":"https:\/\/rnoticias.com.mx\/Portal\/wp-content\/uploads\/2025\/08\/unnamed-49.jpg","amp_enabled":true,"_links":{"self":[{"href":"https:\/\/rnoticias.com.mx\/Portal\/wp-json\/wp\/v2\/posts\/226903","targetHints":{"allow":["GET"]}}],"collection":[{"href":"https:\/\/rnoticias.com.mx\/Portal\/wp-json\/wp\/v2\/posts"}],"about":[{"href":"https:\/\/rnoticias.com.mx\/Portal\/wp-json\/wp\/v2\/types\/post"}],"author":[{"embeddable":true,"href":"https:\/\/rnoticias.com.mx\/Portal\/wp-json\/wp\/v2\/users\/2"}],"replies":[{"embeddable":true,"href":"https:\/\/rnoticias.com.mx\/Portal\/wp-json\/wp\/v2\/comments?post=226903"}],"version-history":[{"count":1,"href":"https:\/\/rnoticias.com.mx\/Portal\/wp-json\/wp\/v2\/posts\/226903\/revisions"}],"predecessor-version":[{"id":226905,"href":"https:\/\/rnoticias.com.mx\/Portal\/wp-json\/wp\/v2\/posts\/226903\/revisions\/226905"}],"wp:featuredmedia":[{"embeddable":true,"href":"https:\/\/rnoticias.com.mx\/Portal\/wp-json\/wp\/v2\/media\/226904"}],"wp:attachment":[{"href":"https:\/\/rnoticias.com.mx\/Portal\/wp-json\/wp\/v2\/media?parent=226903"}],"wp:term":[{"taxonomy":"category","embeddable":true,"href":"https:\/\/rnoticias.com.mx\/Portal\/wp-json\/wp\/v2\/categories?post=226903"},{"taxonomy":"post_tag","embeddable":true,"href":"https:\/\/rnoticias.com.mx\/Portal\/wp-json\/wp\/v2\/tags?post=226903"}],"curies":[{"name":"wp","href":"https:\/\/api.w.org\/{rel}","templated":true}]}}