{"id":226897,"date":"2025-08-16T10:39:57","date_gmt":"2025-08-16T17:39:57","guid":{"rendered":"https:\/\/rnoticias.com.mx\/Portal\/?p=226897"},"modified":"2025-08-16T10:39:57","modified_gmt":"2025-08-16T17:39:57","slug":"el-centro-inah-sonora-celebra-52-anos-de-labor-en-favor-del-patrimonio-cultural-del-estado","status":"publish","type":"post","link":"https:\/\/rnoticias.com.mx\/Portal\/2025\/08\/16\/el-centro-inah-sonora-celebra-52-anos-de-labor-en-favor-del-patrimonio-cultural-del-estado\/","title":{"rendered":"El Centro INAH Sonora celebra 52 a\u00f1os de labor en favor del patrimonio cultural del estado"},"content":{"rendered":"<div class=\"x_elementToProof\"><b data-olk-copy-source=\"MessageBody\">16 de agosto de 2025, Hermosillo, Sonora<\/b>\u00a0\u2014 El Instituto Nacional de Antropolog\u00eda e Historia en Sonora, conmemora el 52 aniversario de la fundaci\u00f3n del Centro Regional del Noroeste, reafirmando su compromiso de investigar, proteger, conservar y difundir el patrimonio cultural de las y los sonorenses.<\/div>\n<div class=\"x_elementToProof\"><\/div>\n<div class=\"x_elementToProof\">La labor institucional en la regi\u00f3n inici\u00f3 en la d\u00e9cada de 1970 con la creaci\u00f3n del entonces Centro Regional del Noroeste. A pesar de la ausencia de grandes edificaciones prehisp\u00e1nicas, la riqueza cultural del noroeste mexicano ha sido reconocida y puesta en valor gracias al trabajo del INAH en Sonora, que desde sus primeros a\u00f1os \u2014bajo la direcci\u00f3n de especialistas como Beatriz Braniff y Arturo Oliveros\u2014 emprendi\u00f3 investigaciones sobre comunidades originarias, patrimonio arquitect\u00f3nico hist\u00f3rico y la creaci\u00f3n de espacios muse\u00edsticos.<\/div>\n<div class=\"x_elementToProof\"><\/div>\n<div class=\"x_elementToProof\">El establecimiento del Centro Regional del Noroeste en 1976, impulsado por el entonces director general del INAH, Guillermo Bonfil, represent\u00f3 un hito para la antropolog\u00eda e historia de la regi\u00f3n y su presencia contribuyo a ampliar la cobertura institucional, cumpliendo funciones sustantivas en los estados de Sinaloa, Sonora, Baja California y Baja California Sur, con sede central en Hermosillo.<\/div>\n<div class=\"x_elementToProof\"><\/div>\n<div class=\"x_elementToProof\">Hoy, a m\u00e1s de cinco d\u00e9cadas de su fundaci\u00f3n, el Centro INAH Sonora contin\u00faa su labor con un s\u00f3lido crecimiento. Entre sus espacios y proyectos m\u00e1s representativos se encuentran el Museo Regional de Sonora, la Zona Arqueol\u00f3gica Cerro de Trincheras, la Misi\u00f3n de Nuestra Se\u00f1ora del Pilar y Santiago de Coc\u00f3spera, as\u00ed como diversos sitios de investigaci\u00f3n y excavaci\u00f3n arqueol\u00f3gica, entre ellos Isla San Esteban, La Playa, El Fin del Mundo y La Pintada. Adem\u00e1s, coordina la Zona de Monumentos Hist\u00f3ricos en el Pueblo M\u00e1gico de \u00c1lamos y resguarda un extenso cat\u00e1logo de edificaciones con valor hist\u00f3rico.<\/div>\n<div class=\"x_elementToProof\"><\/div>\n<div class=\"x_elementToProof\">Con 52 a\u00f1os de historia, el Centro INAH Sonora mantiene vigente su misi\u00f3n de salvaguardar y compartir el patrimonio cultural que da identidad y sentido a las comunidades del estado.<\/div>\n<div class=\"x_elementToProof\"><\/div>\n<div id=\"x_Signature\">\n<div><\/div>\n<\/div>\n","protected":false},"excerpt":{"rendered":"<p>16 de agosto de 2025, Hermosillo, Sonora\u00a0\u2014 El Instituto Nacional de Antropolog\u00eda e Historia en Sonora, conmemora el 52 aniversario de la fundaci\u00f3n del Centro Regional del Noroeste, reafirmando su compromiso de investigar, proteger, conservar y difundir el patrimonio cultural de las y los sonorenses. La labor institucional en la regi\u00f3n inici\u00f3 en la d\u00e9cada [&hellip;]<\/p>\n","protected":false},"author":2,"featured_media":226898,"comment_status":"closed","ping_status":"closed","sticky":false,"template":"","format":"standard","meta":{"footnotes":""},"categories":[12870,178],"tags":[12865,12869],"class_list":["post-226897","post","type-post","status-publish","format-standard","has-post-thumbnail","hentry","category-destacadas","category-local","tag-destacadas","tag-local"],"jetpack_featured_media_url":"https:\/\/rnoticias.com.mx\/Portal\/wp-content\/uploads\/2025\/08\/52anos_CIS-copia.jpg","amp_enabled":true,"_links":{"self":[{"href":"https:\/\/rnoticias.com.mx\/Portal\/wp-json\/wp\/v2\/posts\/226897","targetHints":{"allow":["GET"]}}],"collection":[{"href":"https:\/\/rnoticias.com.mx\/Portal\/wp-json\/wp\/v2\/posts"}],"about":[{"href":"https:\/\/rnoticias.com.mx\/Portal\/wp-json\/wp\/v2\/types\/post"}],"author":[{"embeddable":true,"href":"https:\/\/rnoticias.com.mx\/Portal\/wp-json\/wp\/v2\/users\/2"}],"replies":[{"embeddable":true,"href":"https:\/\/rnoticias.com.mx\/Portal\/wp-json\/wp\/v2\/comments?post=226897"}],"version-history":[{"count":1,"href":"https:\/\/rnoticias.com.mx\/Portal\/wp-json\/wp\/v2\/posts\/226897\/revisions"}],"predecessor-version":[{"id":226899,"href":"https:\/\/rnoticias.com.mx\/Portal\/wp-json\/wp\/v2\/posts\/226897\/revisions\/226899"}],"wp:featuredmedia":[{"embeddable":true,"href":"https:\/\/rnoticias.com.mx\/Portal\/wp-json\/wp\/v2\/media\/226898"}],"wp:attachment":[{"href":"https:\/\/rnoticias.com.mx\/Portal\/wp-json\/wp\/v2\/media?parent=226897"}],"wp:term":[{"taxonomy":"category","embeddable":true,"href":"https:\/\/rnoticias.com.mx\/Portal\/wp-json\/wp\/v2\/categories?post=226897"},{"taxonomy":"post_tag","embeddable":true,"href":"https:\/\/rnoticias.com.mx\/Portal\/wp-json\/wp\/v2\/tags?post=226897"}],"curies":[{"name":"wp","href":"https:\/\/api.w.org\/{rel}","templated":true}]}}