{"id":226891,"date":"2025-08-16T10:34:51","date_gmt":"2025-08-16T17:34:51","guid":{"rendered":"https:\/\/rnoticias.com.mx\/Portal\/?p=226891"},"modified":"2025-08-16T10:34:51","modified_gmt":"2025-08-16T17:34:51","slug":"capacita-gobierno-de-sonora-a-personal-de-isssteson-en-lactancia-materna","status":"publish","type":"post","link":"https:\/\/rnoticias.com.mx\/Portal\/2025\/08\/16\/capacita-gobierno-de-sonora-a-personal-de-isssteson-en-lactancia-materna\/","title":{"rendered":"Capacita Gobierno de Sonora a personal de Isssteson en lactancia materna"},"content":{"rendered":"<p>Hermosillo, Sonora; 16 de agosto de 2025.- Con el objetivo de fortalecer la atenci\u00f3n y el acompa\u00f1amiento a madres de familia, el Gobierno de Sonora, a trav\u00e9s de Isssteson, imparti\u00f3 dos ponencias sobre lactancia materna dirigidas a personal de salud y pasantes del servicio social del Centro M\u00e9dico \u201cDr. Ignacio Ch\u00e1vez\u201d en Hermosillo.<\/p>\n<p>Las conferencias \u201cProducci\u00f3n y almacenamiento de la leche materna: clave para una lactancia exitosa\u201d y \u201cEl futuro en nuestras manos: desarrollo infantil en el primer nivel de atenci\u00f3n\u201d fueron impartidas por la licenciada en enfermer\u00eda Josefina Lugo Vel\u00e1zquez y la maestra Reyna Alejandra Carrillo Cuevas, respectivamente, en el auditorio \u201cDr. Rodolfo Copado Montes\u201d del Instituto.<\/p>\n<p>Estas acciones se realizaron en el marco de la Semana Mundial de la Lactancia Materna, conmemorada del 1 al 7 de agosto, bajo el lema internacional \u201cPriorizar la lactancia materna: crear sistemas de apoyo sostenibles\u201d.<\/p>\n<p>Con el respaldo del gobernador Alfonso Durazo Monta\u00f1o, Isssteson promueve la leche materna como el alimento m\u00e1s importante para las y los reci\u00e9n nacidos. Actualmente, desarrolla un plan de lactarios que suma cuatro espacios en el estado, ubicados en los hospitales del Instituto en Hermosillo, Nogales y Guaymas, as\u00ed como en el CIAS Sur de la capital.<\/p>\n<p>Asimismo, se brinda capacitaci\u00f3n a futuras madres para fomentar la pr\u00e1ctica de la lactancia, reforzar el apego responsable y fortalecer el v\u00ednculo afectivo con sus hijos. Esto se complementa con la ampliaci\u00f3n del permiso materno establecido en la Ley de los Derechos de Ni\u00f1as, Ni\u00f1os y Adolescentes de Sonora.<\/p>\n","protected":false},"excerpt":{"rendered":"<p>Hermosillo, Sonora; 16 de agosto de 2025.- Con el objetivo de fortalecer la atenci\u00f3n y el acompa\u00f1amiento a madres de familia, el Gobierno de Sonora, a trav\u00e9s de Isssteson, imparti\u00f3 dos ponencias sobre lactancia materna dirigidas a personal de salud y pasantes del servicio social del Centro M\u00e9dico \u201cDr. Ignacio Ch\u00e1vez\u201d en Hermosillo. Las conferencias [&hellip;]<\/p>\n","protected":false},"author":2,"featured_media":226892,"comment_status":"closed","ping_status":"closed","sticky":false,"template":"","format":"standard","meta":{"footnotes":""},"categories":[12870,178],"tags":[12865,12869],"class_list":["post-226891","post","type-post","status-publish","format-standard","has-post-thumbnail","hentry","category-destacadas","category-local","tag-destacadas","tag-local"],"jetpack_featured_media_url":"https:\/\/rnoticias.com.mx\/Portal\/wp-content\/uploads\/2025\/08\/unnamed-48.jpg","amp_enabled":true,"_links":{"self":[{"href":"https:\/\/rnoticias.com.mx\/Portal\/wp-json\/wp\/v2\/posts\/226891","targetHints":{"allow":["GET"]}}],"collection":[{"href":"https:\/\/rnoticias.com.mx\/Portal\/wp-json\/wp\/v2\/posts"}],"about":[{"href":"https:\/\/rnoticias.com.mx\/Portal\/wp-json\/wp\/v2\/types\/post"}],"author":[{"embeddable":true,"href":"https:\/\/rnoticias.com.mx\/Portal\/wp-json\/wp\/v2\/users\/2"}],"replies":[{"embeddable":true,"href":"https:\/\/rnoticias.com.mx\/Portal\/wp-json\/wp\/v2\/comments?post=226891"}],"version-history":[{"count":1,"href":"https:\/\/rnoticias.com.mx\/Portal\/wp-json\/wp\/v2\/posts\/226891\/revisions"}],"predecessor-version":[{"id":226893,"href":"https:\/\/rnoticias.com.mx\/Portal\/wp-json\/wp\/v2\/posts\/226891\/revisions\/226893"}],"wp:featuredmedia":[{"embeddable":true,"href":"https:\/\/rnoticias.com.mx\/Portal\/wp-json\/wp\/v2\/media\/226892"}],"wp:attachment":[{"href":"https:\/\/rnoticias.com.mx\/Portal\/wp-json\/wp\/v2\/media?parent=226891"}],"wp:term":[{"taxonomy":"category","embeddable":true,"href":"https:\/\/rnoticias.com.mx\/Portal\/wp-json\/wp\/v2\/categories?post=226891"},{"taxonomy":"post_tag","embeddable":true,"href":"https:\/\/rnoticias.com.mx\/Portal\/wp-json\/wp\/v2\/tags?post=226891"}],"curies":[{"name":"wp","href":"https:\/\/api.w.org\/{rel}","templated":true}]}}