{"id":226887,"date":"2025-08-16T10:32:52","date_gmt":"2025-08-16T17:32:52","guid":{"rendered":"https:\/\/rnoticias.com.mx\/Portal\/?p=226887"},"modified":"2025-08-16T10:32:52","modified_gmt":"2025-08-16T17:32:52","slug":"policia-investiga-el-incidente-racista-vivido-en-anfield","status":"publish","type":"post","link":"https:\/\/rnoticias.com.mx\/Portal\/2025\/08\/16\/policia-investiga-el-incidente-racista-vivido-en-anfield\/","title":{"rendered":"Polic\u00eda investiga el incidente racista vivido en Anfield"},"content":{"rendered":"<p>La polic\u00eda de Merseysida est\u00e1 investigando\u00a0<strong>el incidente racista que un aficionado del Liverpool tuvo con Antoine Semenyo, delantero del Bournemouth<\/strong>, durante el partido de Premier League disputado entre estos dos equipos el viernes.<\/p>\n<p>Semenyo se dispon\u00eda a sacar de banda cuando<strong>\u00a0fue insultado por un aficionado en silla de ruedas que fue localizado en las primeras filas de las gradas y sacado posteriormente del estadio.<\/strong>\u00a0Taylor detuvo el partido y se fue hacia los banquillos para hablar con ambos entrenadores, Arne Slot, del Liverpool y el espa\u00f1ol Andoni Iraola, del Bournemouth.<\/p>\n<p>Explic\u00f3 la situaci\u00f3n y, tras unos minutos de interrupci\u00f3n, el partido se reanud\u00f3. La Premier, esta temporada, cuenta con un protocolo antirracismo que fue aplicado por el \u00e1rbitro en este encuentro de apertura del torneo. El \u00e1rbitro informa a los t\u00e9cnicos y si la situaci\u00f3n se repite, el choque se suspender\u00e1 durante quince minutos.<\/p>\n<p>El encuentro continu\u00f3 con normalidad, pero despu\u00e9s del partido, Slot consol\u00f3 a Semenyo e Iraola dijo que era &#8220;una verg\u00fcenza&#8221; que algo as\u00ed ocurriese.<\/p>\n<p><strong>&#8220;Es algo inaceptable, especialmente en Anfield&#8221;,<\/strong>\u00a0agreg\u00f3 Slot.<\/p>\n<p>Mediante las redes sociales, Semenyo conden\u00f3 lo ocurrido y dio las gracias a quienes le hab\u00edan apoyado.<\/p>\n<p><strong>&#8220;La pasada noche en Anfield se quedar\u00e1 conmigo para siempre, no por las palabras de una persona, sino por c\u00f3mo toda la familia del f\u00fatbol se uni\u00f3.<\/strong>\u00a0A mis compa\u00f1eros del Bournemouth, que me apoyaron en ese momento, a los jugadores del Liverpool y aficionados que me mostraron su verdadero car\u00e1cter y los \u00e1rbitros de la Premier que lidiaron con ello de una forma tan profesional, gracias. El f\u00fatbol mostr\u00f3 su mejor cara cuando m\u00e1s importaba. Marcar dos goles se sinti\u00f3 como hablar el lenguaje que importa de verdad en el campo. Esto es por lo que juego, por momento como este&#8221;, dijo el ghan\u00e9s.<\/p>\n<p>En un comunicado, el Liverpool asegur\u00f3 estar al tanto del insulto racista, lo condenaron y a\u00f1adieron que no pueden contar nada m\u00e1s, ya que el asunto est\u00e1 bajo investigaci\u00f3n policial.<\/p>\n<p>&nbsp;<\/p>\n<p>&nbsp;<\/p>\n<p>Fuente: EFE<\/p>\n","protected":false},"excerpt":{"rendered":"<p>La polic\u00eda de Merseysida est\u00e1 investigando\u00a0el incidente racista que un aficionado del Liverpool tuvo con Antoine Semenyo, delantero del Bournemouth, durante el partido de Premier League disputado entre estos dos equipos el viernes. Semenyo se dispon\u00eda a sacar de banda cuando\u00a0fue insultado por un aficionado en silla de ruedas que fue localizado en las primeras [&hellip;]<\/p>\n","protected":false},"author":2,"featured_media":226889,"comment_status":"closed","ping_status":"closed","sticky":false,"template":"","format":"standard","meta":{"footnotes":""},"categories":[188,12870],"tags":[5231,12865],"class_list":["post-226887","post","type-post","status-publish","format-standard","has-post-thumbnail","hentry","category-deportes","category-destacadas","tag-deportes","tag-destacadas"],"jetpack_featured_media_url":"https:\/\/rnoticias.com.mx\/Portal\/wp-content\/uploads\/2025\/08\/a8f254c0eb4281dfa0a17801165202d9-1.jpg","amp_enabled":true,"_links":{"self":[{"href":"https:\/\/rnoticias.com.mx\/Portal\/wp-json\/wp\/v2\/posts\/226887","targetHints":{"allow":["GET"]}}],"collection":[{"href":"https:\/\/rnoticias.com.mx\/Portal\/wp-json\/wp\/v2\/posts"}],"about":[{"href":"https:\/\/rnoticias.com.mx\/Portal\/wp-json\/wp\/v2\/types\/post"}],"author":[{"embeddable":true,"href":"https:\/\/rnoticias.com.mx\/Portal\/wp-json\/wp\/v2\/users\/2"}],"replies":[{"embeddable":true,"href":"https:\/\/rnoticias.com.mx\/Portal\/wp-json\/wp\/v2\/comments?post=226887"}],"version-history":[{"count":1,"href":"https:\/\/rnoticias.com.mx\/Portal\/wp-json\/wp\/v2\/posts\/226887\/revisions"}],"predecessor-version":[{"id":226890,"href":"https:\/\/rnoticias.com.mx\/Portal\/wp-json\/wp\/v2\/posts\/226887\/revisions\/226890"}],"wp:featuredmedia":[{"embeddable":true,"href":"https:\/\/rnoticias.com.mx\/Portal\/wp-json\/wp\/v2\/media\/226889"}],"wp:attachment":[{"href":"https:\/\/rnoticias.com.mx\/Portal\/wp-json\/wp\/v2\/media?parent=226887"}],"wp:term":[{"taxonomy":"category","embeddable":true,"href":"https:\/\/rnoticias.com.mx\/Portal\/wp-json\/wp\/v2\/categories?post=226887"},{"taxonomy":"post_tag","embeddable":true,"href":"https:\/\/rnoticias.com.mx\/Portal\/wp-json\/wp\/v2\/tags?post=226887"}],"curies":[{"name":"wp","href":"https:\/\/api.w.org\/{rel}","templated":true}]}}