{"id":226821,"date":"2025-08-15T16:57:15","date_gmt":"2025-08-15T23:57:15","guid":{"rendered":"https:\/\/rnoticias.com.mx\/Portal\/?p=226821"},"modified":"2025-08-15T16:57:15","modified_gmt":"2025-08-15T23:57:15","slug":"ratifican-a-javier-villarreal-como-lider-del-sindicato-minero-ctm","status":"publish","type":"post","link":"https:\/\/rnoticias.com.mx\/Portal\/2025\/08\/15\/ratifican-a-javier-villarreal-como-lider-del-sindicato-minero-ctm\/","title":{"rendered":"Ratifican a Javier Villarreal como l\u00edder del Sindicato Minero CTM"},"content":{"rendered":"<p>Hermosillo, Sonora. En el Cuarto Congreso Nacional del Sindicato Nacional de Trabajadores de la Industria Minero Metal\u00fargica (CTM), celebrado en Hermosillo, Sonora, delegados de diversos estados ratificaron a Javier Villarreal G\u00e1mez como dirigente nacional para el periodo 2025-2031.<\/p>\n<p>&nbsp;<\/p>\n<p>El l\u00edder sindical sonorense, agradeci\u00f3 la confianza que se le brind\u00f3 de nuevo por mayor\u00eda de votos, para continuar al frente de una de las organizaciones m\u00e1s relevantes del pa\u00eds y reafirm\u00f3 su compromiso de mantener una gesti\u00f3n basada en el di\u00e1logo, la negociaci\u00f3n y la construcci\u00f3n de acuerdos que beneficien tanto a trabajadores como a las empresas de ese ramo.<\/p>\n<p>&nbsp;<\/p>\n<p>Destac\u00f3 que \u201cSonora es la capital y el coraz\u00f3n minero de M\u00e9xico\u201d, con Hermosillo como centro de la proveedur\u00eda minera, y reiter\u00f3 que su objetivo es seguir impulsando la obtenci\u00f3n de resultados positivos y fortaleciendo al sector a nivel nacional.<\/p>\n<p>&nbsp;<\/p>\n","protected":false},"excerpt":{"rendered":"<p>Hermosillo, Sonora. En el Cuarto Congreso Nacional del Sindicato Nacional de Trabajadores de la Industria Minero Metal\u00fargica (CTM), celebrado en Hermosillo, Sonora, delegados de diversos estados ratificaron a Javier Villarreal G\u00e1mez como dirigente nacional para el periodo 2025-2031. &nbsp; El l\u00edder sindical sonorense, agradeci\u00f3 la confianza que se le brind\u00f3 de nuevo por mayor\u00eda de [&hellip;]<\/p>\n","protected":false},"author":2,"featured_media":226822,"comment_status":"closed","ping_status":"closed","sticky":false,"template":"","format":"standard","meta":{"footnotes":""},"categories":[12870,178],"tags":[12865,12869],"class_list":["post-226821","post","type-post","status-publish","format-standard","has-post-thumbnail","hentry","category-destacadas","category-local","tag-destacadas","tag-local"],"jetpack_featured_media_url":"https:\/\/rnoticias.com.mx\/Portal\/wp-content\/uploads\/2025\/08\/c7a6a1d8-61c3-4ae1-a750-e30b21295005.jpg","amp_enabled":true,"_links":{"self":[{"href":"https:\/\/rnoticias.com.mx\/Portal\/wp-json\/wp\/v2\/posts\/226821","targetHints":{"allow":["GET"]}}],"collection":[{"href":"https:\/\/rnoticias.com.mx\/Portal\/wp-json\/wp\/v2\/posts"}],"about":[{"href":"https:\/\/rnoticias.com.mx\/Portal\/wp-json\/wp\/v2\/types\/post"}],"author":[{"embeddable":true,"href":"https:\/\/rnoticias.com.mx\/Portal\/wp-json\/wp\/v2\/users\/2"}],"replies":[{"embeddable":true,"href":"https:\/\/rnoticias.com.mx\/Portal\/wp-json\/wp\/v2\/comments?post=226821"}],"version-history":[{"count":1,"href":"https:\/\/rnoticias.com.mx\/Portal\/wp-json\/wp\/v2\/posts\/226821\/revisions"}],"predecessor-version":[{"id":226823,"href":"https:\/\/rnoticias.com.mx\/Portal\/wp-json\/wp\/v2\/posts\/226821\/revisions\/226823"}],"wp:featuredmedia":[{"embeddable":true,"href":"https:\/\/rnoticias.com.mx\/Portal\/wp-json\/wp\/v2\/media\/226822"}],"wp:attachment":[{"href":"https:\/\/rnoticias.com.mx\/Portal\/wp-json\/wp\/v2\/media?parent=226821"}],"wp:term":[{"taxonomy":"category","embeddable":true,"href":"https:\/\/rnoticias.com.mx\/Portal\/wp-json\/wp\/v2\/categories?post=226821"},{"taxonomy":"post_tag","embeddable":true,"href":"https:\/\/rnoticias.com.mx\/Portal\/wp-json\/wp\/v2\/tags?post=226821"}],"curies":[{"name":"wp","href":"https:\/\/api.w.org\/{rel}","templated":true}]}}