{"id":226801,"date":"2025-08-15T10:43:07","date_gmt":"2025-08-15T17:43:07","guid":{"rendered":"https:\/\/rnoticias.com.mx\/Portal\/?p=226801"},"modified":"2025-08-15T10:43:07","modified_gmt":"2025-08-15T17:43:07","slug":"claudia-sheinbaum-niega-desabasto-de-gasolina-es-un-tema-de-transporte","status":"publish","type":"post","link":"https:\/\/rnoticias.com.mx\/Portal\/2025\/08\/15\/claudia-sheinbaum-niega-desabasto-de-gasolina-es-un-tema-de-transporte\/","title":{"rendered":"Claudia Sheinbaum niega desabasto de gasolina: &#8220;es un tema de transporte&#8221;"},"content":{"rendered":"<p>La presidenta\u00a0<strong>Claudia Sheinbaum<\/strong>\u00a0neg\u00f3 este viernes que exista un\u00a0<strong>desabasto de gasolina<\/strong>\u00a0en varios estados del pa\u00eds.<\/p>\n<p>Explic\u00f3 que se trata de un tema de trasporte que ya se est\u00e1 resolviendo, en relaci\u00f3n a los\u00a0<strong>contratos a transportistas<\/strong>. Adem\u00e1s, a\u00f1adi\u00f3 que una parte de las pipas de combustible adquiridas durante en el sexenio del expresidente Andr\u00e9s Manuel L\u00f3pez Obrador segu\u00edan administr\u00e1ndolas la\u00a0<strong>Secretar\u00eda de la Defensa Nacional<\/strong>, pero que pronto pasar\u00edan a Pemex.<\/p>\n<p>Ayer, Pemex reconoci\u00f3 que hab\u00eda poca disponibilidad en los\u00a0<strong>autotanques<\/strong>\u00a0en la zona metropolitana del Valle de M\u00e9xico y que a ra\u00edz de esto hab\u00eda iniciado acciones para reforzar el suministro. A esta falta de combustible se sum\u00f3 al desabasto en la frontera sur de M\u00e9xico por la falta de pagos a proveedores de Pemex.<\/p>\n<p>Asimismo, se ha reportado desabasto de gasolina en otros estados como Chiapas, Nuevo Le\u00f3n y Estado de M\u00e9xico.<\/p>\n<p>&nbsp;<\/p>\n<p>Fuente: Latinus<\/p>\n","protected":false},"excerpt":{"rendered":"<p>La presidenta\u00a0Claudia Sheinbaum\u00a0neg\u00f3 este viernes que exista un\u00a0desabasto de gasolina\u00a0en varios estados del pa\u00eds. Explic\u00f3 que se trata de un tema de trasporte que ya se est\u00e1 resolviendo, en relaci\u00f3n a los\u00a0contratos a transportistas. Adem\u00e1s, a\u00f1adi\u00f3 que una parte de las pipas de combustible adquiridas durante en el sexenio del expresidente Andr\u00e9s Manuel L\u00f3pez Obrador [&hellip;]<\/p>\n","protected":false},"author":2,"featured_media":226802,"comment_status":"closed","ping_status":"closed","sticky":false,"template":"","format":"standard","meta":{"footnotes":""},"categories":[12870,172],"tags":[12865,12874],"class_list":["post-226801","post","type-post","status-publish","format-standard","has-post-thumbnail","hentry","category-destacadas","category-nacional","tag-destacadas","tag-nacional"],"jetpack_featured_media_url":"https:\/\/rnoticias.com.mx\/Portal\/wp-content\/uploads\/2025\/08\/desabasto-de-gasolina-en-mexico.webp","amp_enabled":true,"_links":{"self":[{"href":"https:\/\/rnoticias.com.mx\/Portal\/wp-json\/wp\/v2\/posts\/226801","targetHints":{"allow":["GET"]}}],"collection":[{"href":"https:\/\/rnoticias.com.mx\/Portal\/wp-json\/wp\/v2\/posts"}],"about":[{"href":"https:\/\/rnoticias.com.mx\/Portal\/wp-json\/wp\/v2\/types\/post"}],"author":[{"embeddable":true,"href":"https:\/\/rnoticias.com.mx\/Portal\/wp-json\/wp\/v2\/users\/2"}],"replies":[{"embeddable":true,"href":"https:\/\/rnoticias.com.mx\/Portal\/wp-json\/wp\/v2\/comments?post=226801"}],"version-history":[{"count":1,"href":"https:\/\/rnoticias.com.mx\/Portal\/wp-json\/wp\/v2\/posts\/226801\/revisions"}],"predecessor-version":[{"id":226803,"href":"https:\/\/rnoticias.com.mx\/Portal\/wp-json\/wp\/v2\/posts\/226801\/revisions\/226803"}],"wp:featuredmedia":[{"embeddable":true,"href":"https:\/\/rnoticias.com.mx\/Portal\/wp-json\/wp\/v2\/media\/226802"}],"wp:attachment":[{"href":"https:\/\/rnoticias.com.mx\/Portal\/wp-json\/wp\/v2\/media?parent=226801"}],"wp:term":[{"taxonomy":"category","embeddable":true,"href":"https:\/\/rnoticias.com.mx\/Portal\/wp-json\/wp\/v2\/categories?post=226801"},{"taxonomy":"post_tag","embeddable":true,"href":"https:\/\/rnoticias.com.mx\/Portal\/wp-json\/wp\/v2\/tags?post=226801"}],"curies":[{"name":"wp","href":"https:\/\/api.w.org\/{rel}","templated":true}]}}