{"id":226798,"date":"2025-08-15T10:09:43","date_gmt":"2025-08-15T17:09:43","guid":{"rendered":"https:\/\/rnoticias.com.mx\/Portal\/?p=226798"},"modified":"2025-08-15T10:09:43","modified_gmt":"2025-08-15T17:09:43","slug":"invita-canacope-hermosillo-a-la-feria-de-regreso-a-clases-2025-este-16-y-17-de-agosto","status":"publish","type":"post","link":"https:\/\/rnoticias.com.mx\/Portal\/2025\/08\/15\/invita-canacope-hermosillo-a-la-feria-de-regreso-a-clases-2025-este-16-y-17-de-agosto\/","title":{"rendered":"Invita Canacope Hermosillo a la Feria de Regreso a Clases 2025 este 16 y 17 de agosto"},"content":{"rendered":"<p>Hermosillo, Sonora, a 15 de agosto de 2025. Con el objetivo de apoyar a miles de familias sonorenses en la preparaci\u00f3n del pr\u00f3ximo ciclo escolar, la C\u00e1mara Nacional de Comercio en Peque\u00f1o (Canacope) de Hermosillo, invita a participar en el regreso de la Feria de Regreso a Clases 2025.<\/p>\n<p>&nbsp;<\/p>\n<p>El presidente de esa c\u00e1mara empresarial, Mart\u00edn Zalazar Zazueta, detall\u00f3 que esa actividad que coordina Profeco Sonora, se va a llevar a cabo los d\u00edas s\u00e1bado 16 y domingo 17 de agosto en las instalaciones de Expo Forum, con entrada gratuita, grandes descuentos y servicios diversos sin costo.<\/p>\n<p>&nbsp;<\/p>\n<p>\u201cCanacope Hermosillo invita a la ciudadan\u00eda a aprovechar esta oportunidad \u00fanica en esta feria regreso a clases para adquirir todo tipo de art\u00edculos escolares a precios accesibles, desde \u00fatiles y mochilas hasta calzado y uniformes. Va a haber descuentos atractivos por parte de todos los comerciantes locales que participaran en apoyo a las familias sonorenses\u201d, destac\u00f3.<\/p>\n<p>&nbsp;<\/p>\n<p>Asever\u00f3 que tanto Canacope Hermosillo como la Canaco fueron invitadas a participar en esta feria, sum\u00e1ndose al esfuerzo coordinado por Profeco Sonora para ofrecer productos y servicios de calidad con precios justos.<\/p>\n<p>&nbsp;<\/p>\n<p>Adem\u00e1s de los proveedores comerciales, coment\u00f3 que la feria contar\u00e1 con la participaci\u00f3n de distintas instituciones p\u00fablicas y organizaciones, que ofrecer\u00e1n desde actas de nacimiento gratuitas, ex\u00e1menes de la vista, cortes de cabello, m\u00fasica en vivo, puestos de comida, donaci\u00f3n de arbolitos y m\u00e1s.<\/p>\n<p>&nbsp;<\/p>\n<p>Tambi\u00e9n, indic\u00f3 que el Ayuntamiento de Hermosillo participar\u00e1 con un stand de Tesorer\u00eda y en donde ofrecer\u00e1n descuentos en predial, multas de tr\u00e1nsito, multas administrativas y tarifa dom\u00e9stica de agua.<\/p>\n<p>&nbsp;<\/p>\n<p>\u201cLa inauguraci\u00f3n ser\u00e1 a las 11 de la ma\u00f1ana de este s\u00e1bado 16 de agosto. La Feria de Regreso a Clases 2025 abrir\u00e1 sus puertas ambos d\u00edas de 8:00 de la ma\u00f1ana a 10:00 de la noche, en un espacio cerrado y climatizado en Expo Forum, brindando comodidad y facilidades para que las familias encuentren en un solo lugar lo necesario para el nuevo ciclo escolar, al tiempo que reciben beneficios y ahorros importantes\u201d, finaliz\u00f3 Zalazar Zazueta.<\/p>\n<p>&nbsp;<\/p>\n","protected":false},"excerpt":{"rendered":"<p>Hermosillo, Sonora, a 15 de agosto de 2025. Con el objetivo de apoyar a miles de familias sonorenses en la preparaci\u00f3n del pr\u00f3ximo ciclo escolar, la C\u00e1mara Nacional de Comercio en Peque\u00f1o (Canacope) de Hermosillo, invita a participar en el regreso de la Feria de Regreso a Clases 2025. &nbsp; El presidente de esa c\u00e1mara [&hellip;]<\/p>\n","protected":false},"author":2,"featured_media":226799,"comment_status":"closed","ping_status":"closed","sticky":false,"template":"","format":"standard","meta":{"footnotes":""},"categories":[12870,178],"tags":[12865,12869],"class_list":["post-226798","post","type-post","status-publish","format-standard","has-post-thumbnail","hentry","category-destacadas","category-local","tag-destacadas","tag-local"],"jetpack_featured_media_url":"https:\/\/rnoticias.com.mx\/Portal\/wp-content\/uploads\/2025\/08\/487285234_1354619479564973_2974119835319598677_n.jpg","amp_enabled":true,"_links":{"self":[{"href":"https:\/\/rnoticias.com.mx\/Portal\/wp-json\/wp\/v2\/posts\/226798","targetHints":{"allow":["GET"]}}],"collection":[{"href":"https:\/\/rnoticias.com.mx\/Portal\/wp-json\/wp\/v2\/posts"}],"about":[{"href":"https:\/\/rnoticias.com.mx\/Portal\/wp-json\/wp\/v2\/types\/post"}],"author":[{"embeddable":true,"href":"https:\/\/rnoticias.com.mx\/Portal\/wp-json\/wp\/v2\/users\/2"}],"replies":[{"embeddable":true,"href":"https:\/\/rnoticias.com.mx\/Portal\/wp-json\/wp\/v2\/comments?post=226798"}],"version-history":[{"count":1,"href":"https:\/\/rnoticias.com.mx\/Portal\/wp-json\/wp\/v2\/posts\/226798\/revisions"}],"predecessor-version":[{"id":226800,"href":"https:\/\/rnoticias.com.mx\/Portal\/wp-json\/wp\/v2\/posts\/226798\/revisions\/226800"}],"wp:featuredmedia":[{"embeddable":true,"href":"https:\/\/rnoticias.com.mx\/Portal\/wp-json\/wp\/v2\/media\/226799"}],"wp:attachment":[{"href":"https:\/\/rnoticias.com.mx\/Portal\/wp-json\/wp\/v2\/media?parent=226798"}],"wp:term":[{"taxonomy":"category","embeddable":true,"href":"https:\/\/rnoticias.com.mx\/Portal\/wp-json\/wp\/v2\/categories?post=226798"},{"taxonomy":"post_tag","embeddable":true,"href":"https:\/\/rnoticias.com.mx\/Portal\/wp-json\/wp\/v2\/tags?post=226798"}],"curies":[{"name":"wp","href":"https:\/\/api.w.org\/{rel}","templated":true}]}}