{"id":226795,"date":"2025-08-15T09:34:52","date_gmt":"2025-08-15T16:34:52","guid":{"rendered":"https:\/\/rnoticias.com.mx\/Portal\/?p=226795"},"modified":"2025-08-15T09:34:52","modified_gmt":"2025-08-15T16:34:52","slug":"mexico-canta-cambiara-la-narrativa-de-la-musica-sin-apologia-a-la-violencia","status":"publish","type":"post","link":"https:\/\/rnoticias.com.mx\/Portal\/2025\/08\/15\/mexico-canta-cambiara-la-narrativa-de-la-musica-sin-apologia-a-la-violencia\/","title":{"rendered":"&#8216;M\u00e9xico Canta&#8217; cambiar\u00e1 la &#8216;narrativa&#8217; de la m\u00fasica sin &#8216;apolog\u00eda a la violencia&#8217;"},"content":{"rendered":"<p>La secretaria de Cultura de M\u00e9xico,\u00a0<strong>Claudia Curiel de Icaza,<\/strong>\u00a0present\u00f3 este jueves el nuevo foro de\u00a0<strong>&#8216;M\u00e9xico Canta&#8217;,<\/strong>\u00a0un espacio en la Ciudad de M\u00e9xico donde a partir del pr\u00f3ximo domingo se buscar\u00e1<strong>\u00a0\u201ccambiar la narrativa\u201d\u00a0<\/strong>de la m\u00fasica mexicana, porque<strong>\u00a0\u201cno nada m\u00e1s dos o tres artistas que hac\u00edan apolog\u00eda a la violencia nos representan\u201d,\u00a0<\/strong>dijo la funcionaria.<\/p>\n<p><strong>\u201cEso es lo que vamos a demostrar con M\u00e9xico Canta, que se pueden cambiar las narrativas, que se puede hablar de muchos temas y no es necesario hacer apolog\u00eda a la violencia, de eso se trata este concurso\u201d<\/strong>, mencion\u00f3 la titular de Cultura en los Estudios Churubusco, que ser\u00e1n el escenario donde se escuchar\u00e1 la voz en vivo de los primeros ocho semifinalistas.<\/p>\n<p>En la iniciativa\u00a0<strong>&#8220;M\u00e9xico Canta por la paz y contra las adicciones&#8221;\u00a0<\/strong>han participado m\u00e1s de 15.000 j\u00f3venes, de los que se seleccionaron a 48 finalistas de M\u00e9xico y Estados Unidos.<\/p>\n<p>Curiel de Icaza detall\u00f3 que, de enero a la fecha, las audiciones de los cantantes que han hecho<strong>\u00a0\u201capolog\u00eda de la violencia\u201d se redujeron \u201ccomo nunca antes desde que fue un boom\u201d<\/strong>, al registrar una disminuci\u00f3n del 14 %.<\/p>\n<p><strong>\u201cQu\u00e9 quiere decir, que la m\u00fasica mexicana va con todo, y que no nada m\u00e1s dos o tres artistas que hac\u00edan apolog\u00eda a la violencia nos representan(&#8230;) Muchos de esos artistas ven que sus \u00faltimos discos se est\u00e1n adaptando tambi\u00e9n al mercado\u201d,<\/strong>\u00a0sentenci\u00f3 la secretaria.<\/p>\n<p>Sin mencionar el nombre de ning\u00fan int\u00e9rprete, pero refiri\u00e9ndose a este g\u00e9nero musical, Curiel de Icaza coment\u00f3 que\u00a0<strong>\u201clos artistas vienen y bajan\u201d, y destac\u00f3 que lo que hay que ver es \u201cqui\u00e9n trasciende y qui\u00e9n no\u201d.<\/strong><\/p>\n<p>En M\u00e9xico, cantantes como\u00a0<strong>Peso Pluma, con m\u00e1s de 38,6 millones de oyentes en Spotify, o Natanael Cano, con 24,7 millones de seguidores en la misma plataforma, son conocidos por cantar corridos tumbados, un subg\u00e9nero de los corridos mexicanos que mezcla hip hop, rap o reguet\u00f3n, y gran parte de las letras est\u00e1n enfocadas al consumo de drogas, las armas y el narcotr\u00e1fico.<\/strong><\/p>\n<p>Sobre esta ello, la actriz Regina Orozco, quien es parte del jurado del certamen, asever\u00f3 que\u00a0<strong>\u201cel problema del corrido es la letra y lo que propone hacer\u201d,\u00a0<\/strong>por lo que es importante que las\u00a0<strong>\u201ccanciones transformen\u201d<\/strong>\u00a0y que con ellas, por ejemplo, un ni\u00f1o decida tomar unas baquetas en lugar de un arma.<\/p>\n<p>A este encuentro tambi\u00e9n asisti\u00f3 el representante de Grupo Firme, Isael Guti\u00e9rrez, quien reiter\u00f3 que esta banda no\u00a0<strong>\u201ccanta corridos\u201d, y que su m\u00fasica es meramente de \u201cfiesta\u201d, de \u201camor y desamor\u201d.<\/strong><\/p>\n<p>Adem\u00e1s, Guti\u00e9rrez insisti\u00f3 en que el corrido que hace apolog\u00eda a la violencia \u201cno se necesita\u201d por \u201cel contenido de la letra\u201d, y afirm\u00f3 que el Grupo Firme est\u00e1 en<strong>\u00a0\u201cevoluci\u00f3n\u201d<\/strong>, la misma palabra que es el t\u00edtulo de su m\u00e1s reciente \u00e1lbum estrenado este a\u00f1o.<\/p>\n<p><strong>\u201cEstamos evolucionando como artistas, como managers: Evoluci\u00f3n. Los artistas son geniales todos, simplemente hay que evolucionar la m\u00fasica\u201d<\/strong>, asegur\u00f3 el representante.<\/p>\n<p>La transmisi\u00f3n de M\u00e9xico Canta se emitir\u00e1 entre las 19:00 y las 21:00 horas locales (01:00 a 03:00 GMT de d\u00eda siguiente), en medios p\u00fablicos y del 17 de agosto al 5 de octubre.<\/p>\n<p>Tambi\u00e9n, cada programaci\u00f3n contar\u00e1 con artistas invitados como<strong>\u00a0Los Hor\u00f3scopos de Durango, Majo Aguilar, Legado de Grandeza, Vivir Quintana, Camila Fern\u00e1ndez, Lila Downs, La Arrolladora Banda El Lim\u00f3n, La Sonora Santanera e Intocable.<\/strong><\/p>\n<p>Para la gran final, este concurso -que se espera tenga pr\u00f3ximas ediciones al ser parte de una estrategia sexenal por la paz de la administraci\u00f3n de la presidenta de M\u00e9xico, Claudia Sheinbaum- tendr\u00e1 distinciones en:<strong>\u00a0Mejor Canci\u00f3n, Mejor Int\u00e9rprete y Premio del Jurado. \u00a0<\/strong><\/p>\n<p>Fuente:EFE<\/p>\n","protected":false},"excerpt":{"rendered":"<p>La secretaria de Cultura de M\u00e9xico,\u00a0Claudia Curiel de Icaza,\u00a0present\u00f3 este jueves el nuevo foro de\u00a0&#8216;M\u00e9xico Canta&#8217;,\u00a0un espacio en la Ciudad de M\u00e9xico donde a partir del pr\u00f3ximo domingo se buscar\u00e1\u00a0\u201ccambiar la narrativa\u201d\u00a0de la m\u00fasica mexicana, porque\u00a0\u201cno nada m\u00e1s dos o tres artistas que hac\u00edan apolog\u00eda a la violencia nos representan\u201d,\u00a0dijo la funcionaria. \u201cEso es lo [&hellip;]<\/p>\n","protected":false},"author":2,"featured_media":226796,"comment_status":"closed","ping_status":"closed","sticky":false,"template":"","format":"standard","meta":{"footnotes":""},"categories":[12870,219],"tags":[12865,12875],"class_list":["post-226795","post","type-post","status-publish","format-standard","has-post-thumbnail","hentry","category-destacadas","category-espectaculos","tag-destacadas","tag-espectaculos"],"jetpack_featured_media_url":"https:\/\/rnoticias.com.mx\/Portal\/wp-content\/uploads\/2025\/08\/rss-efe711db2f4189cf1a62c1d07b1abb459e00c6e7980w.webp","amp_enabled":true,"_links":{"self":[{"href":"https:\/\/rnoticias.com.mx\/Portal\/wp-json\/wp\/v2\/posts\/226795","targetHints":{"allow":["GET"]}}],"collection":[{"href":"https:\/\/rnoticias.com.mx\/Portal\/wp-json\/wp\/v2\/posts"}],"about":[{"href":"https:\/\/rnoticias.com.mx\/Portal\/wp-json\/wp\/v2\/types\/post"}],"author":[{"embeddable":true,"href":"https:\/\/rnoticias.com.mx\/Portal\/wp-json\/wp\/v2\/users\/2"}],"replies":[{"embeddable":true,"href":"https:\/\/rnoticias.com.mx\/Portal\/wp-json\/wp\/v2\/comments?post=226795"}],"version-history":[{"count":1,"href":"https:\/\/rnoticias.com.mx\/Portal\/wp-json\/wp\/v2\/posts\/226795\/revisions"}],"predecessor-version":[{"id":226797,"href":"https:\/\/rnoticias.com.mx\/Portal\/wp-json\/wp\/v2\/posts\/226795\/revisions\/226797"}],"wp:featuredmedia":[{"embeddable":true,"href":"https:\/\/rnoticias.com.mx\/Portal\/wp-json\/wp\/v2\/media\/226796"}],"wp:attachment":[{"href":"https:\/\/rnoticias.com.mx\/Portal\/wp-json\/wp\/v2\/media?parent=226795"}],"wp:term":[{"taxonomy":"category","embeddable":true,"href":"https:\/\/rnoticias.com.mx\/Portal\/wp-json\/wp\/v2\/categories?post=226795"},{"taxonomy":"post_tag","embeddable":true,"href":"https:\/\/rnoticias.com.mx\/Portal\/wp-json\/wp\/v2\/tags?post=226795"}],"curies":[{"name":"wp","href":"https:\/\/api.w.org\/{rel}","templated":true}]}}